[{"@context":"https:\/\/schema.org\/","@type":"Blog","@id":"https:\/\/www.spdkoelnnord.de#Blog","headline":"Die SPD im K\u00f6lner Norden","description":"Die SPD im Stadtbezirk K\u00f6ln - Chorweiler","url":"https:\/\/www.spdkoelnnord.de","blogPost":[{"@type":"BlogPosting","@id":"https:\/\/www.spdkoelnnord.de\/jochen-ott-christian-dahm-brauchen-eine-allianz-fuer-gemeinwohlorientierten-wohnungsbau\/","headline":"Jochen Ott \/ Christian Dahm: \u201eBrauchen eine Allianz f\u00fcr gemeinwohlorientierten Wohnungsbau\u201c","url":"https:\/\/www.spdkoelnnord.de\/jochen-ott-christian-dahm-brauchen-eine-allianz-fuer-gemeinwohlorientierten-wohnungsbau\/","datePublished":"2023-08-28","dateModified":"2023-08-28","mainEntityOfPage":"https:\/\/www.spdkoelnnord.de\/jochen-ott-christian-dahm-brauchen-eine-allianz-fuer-gemeinwohlorientierten-wohnungsbau\/","author":{"@type":"Person","@id":"https:\/\/www.spdkoelnnord.de\/author\/ott\/#Person","name":"Jochen Ott","url":"https:\/\/www.spdkoelnnord.de\/author\/ott\/","identifier":344,"image":{"@type":"ImageObject","@id":"https:\/\/www.spdkoelnnord.de\/wp-content\/plugins\/wp-user-avatar\/deprecated\/wp-user-avatar\/images\/wpua-96x96.png","url":"https:\/\/www.spdkoelnnord.de\/wp-content\/plugins\/wp-user-avatar\/deprecated\/wp-user-avatar\/images\/wpua-96x96.png","height":96,"width":96}},"publisher":{"@type":"Organization","name":"SPD im K\u00f6lner Norden","logo":{"@type":"ImageObject","@id":"https:\/\/www.spdkoelnnord.de\/wp-content\/uploads\/2019\/10\/cropped-logo_ko\u0308lnspd.jpg","url":"https:\/\/www.spdkoelnnord.de\/wp-content\/uploads\/2019\/10\/cropped-logo_ko\u0308lnspd.jpg","width":null,"height":null}},"image":{"@type":"ImageObject","@id":"https:\/\/www.spdkoelnnord.de\/wp-content\/uploads\/2024\/02\/logo_koelnspd.png","url":"https:\/\/www.spdkoelnnord.de\/wp-content\/uploads\/2024\/02\/logo_koelnspd.png","width":945,"height":945},"wordCount":632,"keywords":["allianz","brauchen","christian","gemeinwohlorientierten","jochen","wohnungsbau"]},{"@type":"BlogPosting","@id":"https:\/\/www.spdkoelnnord.de\/spd-fraktion-will-sich-fuer-eine-starke-industrie-einsetzen\/","headline":"SPD-Fraktion will sich f\u00fcr eine starke Industrie einsetzen","url":"https:\/\/www.spdkoelnnord.de\/spd-fraktion-will-sich-fuer-eine-starke-industrie-einsetzen\/","datePublished":"2023-08-28","dateModified":"2023-08-28","mainEntityOfPage":"https:\/\/www.spdkoelnnord.de\/spd-fraktion-will-sich-fuer-eine-starke-industrie-einsetzen\/","author":{"@type":"Person","@id":"https:\/\/www.spdkoelnnord.de\/author\/spdbundestagsfraktion\/#Person","name":"Bundestagsfraktion","url":"https:\/\/www.spdkoelnnord.de\/author\/spdbundestagsfraktion\/","identifier":325,"image":{"@type":"ImageObject","@id":"https:\/\/www.spdkoelnnord.de\/wp-content\/plugins\/wp-user-avatar\/deprecated\/wp-user-avatar\/images\/wpua-96x96.png","url":"https:\/\/www.spdkoelnnord.de\/wp-content\/plugins\/wp-user-avatar\/deprecated\/wp-user-avatar\/images\/wpua-96x96.png","height":96,"width":96}},"publisher":{"@type":"Organization","name":"SPD im K\u00f6lner Norden","logo":{"@type":"ImageObject","@id":"https:\/\/www.spdkoelnnord.de\/wp-content\/uploads\/2019\/10\/cropped-logo_ko\u0308lnspd.jpg","url":"https:\/\/www.spdkoelnnord.de\/wp-content\/uploads\/2019\/10\/cropped-logo_ko\u0308lnspd.jpg","width":null,"height":null}},"image":{"@type":"ImageObject","@id":"https:\/\/www.spdkoelnnord.de\/wp-content\/uploads\/2024\/02\/logo_koelnspd.png","url":"https:\/\/www.spdkoelnnord.de\/wp-content\/uploads\/2024\/02\/logo_koelnspd.png","width":945,"height":945},"wordCount":45,"keywords":["einsetzen","fraktion","industrie","starke"]},{"@type":"BlogPosting","@id":"https:\/\/www.spdkoelnnord.de\/mehr-chancen-fuer-kinder\/","headline":"Mehr Chancen f\u00fcr Kinder","url":"https:\/\/www.spdkoelnnord.de\/mehr-chancen-fuer-kinder\/","datePublished":"2023-08-28","dateModified":"2023-08-28","mainEntityOfPage":"https:\/\/www.spdkoelnnord.de\/mehr-chancen-fuer-kinder\/","author":{"@type":"Person","@id":"https:\/\/www.spdkoelnnord.de\/author\/spdbundestagsfraktion\/#Person","name":"Bundestagsfraktion","url":"https:\/\/www.spdkoelnnord.de\/author\/spdbundestagsfraktion\/","identifier":325,"image":{"@type":"ImageObject","@id":"https:\/\/www.spdkoelnnord.de\/wp-content\/plugins\/wp-user-avatar\/deprecated\/wp-user-avatar\/images\/wpua-96x96.png","url":"https:\/\/www.spdkoelnnord.de\/wp-content\/plugins\/wp-user-avatar\/deprecated\/wp-user-avatar\/images\/wpua-96x96.png","height":96,"width":96}},"publisher":{"@type":"Organization","name":"SPD im K\u00f6lner Norden","logo":{"@type":"ImageObject","@id":"https:\/\/www.spdkoelnnord.de\/wp-content\/uploads\/2019\/10\/cropped-logo_ko\u0308lnspd.jpg","url":"https:\/\/www.spdkoelnnord.de\/wp-content\/uploads\/2019\/10\/cropped-logo_ko\u0308lnspd.jpg","width":null,"height":null}},"image":{"@type":"ImageObject","@id":"https:\/\/www.spdkoelnnord.de\/wp-content\/uploads\/2025\/02\/spd-verschwommen.jpg","url":"https:\/\/www.spdkoelnnord.de\/wp-content\/uploads\/2025\/02\/spd-verschwommen.jpg","height":675,"width":1200},"wordCount":31,"keywords":["armut","chancen","kinder","kindergrundsicherung"]},{"@type":"BlogPosting","@id":"https:\/\/www.spdkoelnnord.de\/niemand-darf-wegen-seiner-kinder-arm-werden\/","headline":"Niemand darf wegen seiner Kinder arm werden!","url":"https:\/\/www.spdkoelnnord.de\/niemand-darf-wegen-seiner-kinder-arm-werden\/","datePublished":"2023-08-28","dateModified":"2023-08-28","mainEntityOfPage":"https:\/\/www.spdkoelnnord.de\/niemand-darf-wegen-seiner-kinder-arm-werden\/","author":{"@type":"Person","@id":"https:\/\/www.spdkoelnnord.de\/author\/spdbundestagsfraktion\/#Person","name":"Bundestagsfraktion","url":"https:\/\/www.spdkoelnnord.de\/author\/spdbundestagsfraktion\/","identifier":325,"image":{"@type":"ImageObject","@id":"https:\/\/www.spdkoelnnord.de\/wp-content\/plugins\/wp-user-avatar\/deprecated\/wp-user-avatar\/images\/wpua-96x96.png","url":"https:\/\/www.spdkoelnnord.de\/wp-content\/plugins\/wp-user-avatar\/deprecated\/wp-user-avatar\/images\/wpua-96x96.png","height":96,"width":96}},"publisher":{"@type":"Organization","name":"SPD im K\u00f6lner Norden","logo":{"@type":"ImageObject","@id":"https:\/\/www.spdkoelnnord.de\/wp-content\/uploads\/2019\/10\/cropped-logo_ko\u0308lnspd.jpg","url":"https:\/\/www.spdkoelnnord.de\/wp-content\/uploads\/2019\/10\/cropped-logo_ko\u0308lnspd.jpg","width":null,"height":null}},"image":{"@type":"ImageObject","@id":"https:\/\/www.spdkoelnnord.de\/wp-content\/uploads\/2025\/02\/spd-verschwommen.jpg","url":"https:\/\/www.spdkoelnnord.de\/wp-content\/uploads\/2025\/02\/spd-verschwommen.jpg","height":675,"width":1200},"wordCount":44,"keywords":["Dagmar Schmidt (Politikerin, 1973)","kinder","kindergrundsicherung","niemand","seiner","S\u00f6nke Rix","wegen","werden"]},{"@type":"BlogPosting","@id":"https:\/\/www.spdkoelnnord.de\/haus-fuehlingen-zur-gedenkstaette-machen\/","headline":"Haus F\u00fchlingen zur Gedenkst\u00e4tte machen","url":"https:\/\/www.spdkoelnnord.de\/haus-fuehlingen-zur-gedenkstaette-machen\/","datePublished":"2023-08-25","dateModified":"2023-10-02","mainEntityOfPage":"https:\/\/www.spdkoelnnord.de\/haus-fuehlingen-zur-gedenkstaette-machen\/","author":{"@type":"Person","@id":"https:\/\/www.spdkoelnnord.de\/author\/koeln_nord\/#Person","name":"SPD im K\u00f6lner Norden","url":"https:\/\/www.spdkoelnnord.de\/author\/koeln_nord\/","identifier":1221,"image":{"@type":"ImageObject","@id":"https:\/\/www.spdkoelnnord.de\/wp-content\/uploads\/2024\/02\/logo_koelnspd-150x150.png","url":"https:\/\/www.spdkoelnnord.de\/wp-content\/uploads\/2024\/02\/logo_koelnspd-150x150.png","height":96,"width":96}},"publisher":{"@type":"Organization","name":"SPD im K\u00f6lner Norden","logo":{"@type":"ImageObject","@id":"https:\/\/www.spdkoelnnord.de\/wp-content\/uploads\/2019\/10\/cropped-logo_ko\u0308lnspd.jpg","url":"https:\/\/www.spdkoelnnord.de\/wp-content\/uploads\/2019\/10\/cropped-logo_ko\u0308lnspd.jpg","width":null,"height":null}},"image":{"@type":"ImageObject","@id":"https:\/\/www.spdkoelnnord.de\/wp-content\/uploads\/2025\/02\/spd-verschwommen.jpg","url":"https:\/\/www.spdkoelnnord.de\/wp-content\/uploads\/2025\/02\/spd-verschwommen.jpg","height":675,"width":1200},"wordCount":815,"keywords":["Denkmalliste","Denkmalschutz","Denkmalschutzgesetz (Nordrhein-Westfalen)","Deponie","Erzbistum K\u00f6ln","fuhlingen","F\u00fchlinger See","gedenkstatte","German Property Group","Grundst\u00fcck","Heuschreckendebatte","insolvenz","K\u00f6ln","Landschaftsschutzgebiet","machen","Nationalsozialismus","Ordnungsamt","Sperrm\u00fcll","Wasserschutzgebiet","weiler","Zwangsarbeit"]},{"@type":"BlogPosting","@id":"https:\/\/www.spdkoelnnord.de\/wie-viel-ist-deine-bildung-wert\/","headline":"Wie viel ist deine Bildung wert?","url":"https:\/\/www.spdkoelnnord.de\/wie-viel-ist-deine-bildung-wert\/","datePublished":"2023-08-24","dateModified":"2023-08-24","mainEntityOfPage":"https:\/\/www.spdkoelnnord.de\/wie-viel-ist-deine-bildung-wert\/","author":{"@type":"Person","@id":"https:\/\/www.spdkoelnnord.de\/author\/lena_teschlade\/#Person","name":"Lena Teschlade","url":"https:\/\/www.spdkoelnnord.de\/author\/lena_teschlade\/","identifier":431,"image":{"@type":"ImageObject","@id":"https:\/\/www.spdkoelnnord.de\/wp-content\/uploads\/2024\/02\/Screenshot-2024-02-26-at-20-07-59-Lena_Teschlade.avif-AVIF-Grafik-500-\u00d7-500-Pixel-150x150.png","url":"https:\/\/www.spdkoelnnord.de\/wp-content\/uploads\/2024\/02\/Screenshot-2024-02-26-at-20-07-59-Lena_Teschlade.avif-AVIF-Grafik-500-\u00d7-500-Pixel-150x150.png","height":96,"width":96}},"publisher":{"@type":"Organization","name":"SPD im K\u00f6lner Norden","logo":{"@type":"ImageObject","@id":"https:\/\/www.spdkoelnnord.de\/wp-content\/uploads\/2019\/10\/cropped-logo_ko\u0308lnspd.jpg","url":"https:\/\/www.spdkoelnnord.de\/wp-content\/uploads\/2019\/10\/cropped-logo_ko\u0308lnspd.jpg","width":null,"height":null}},"image":{"@type":"ImageObject","@id":"https:\/\/www.spdkoelnnord.de\/wp-content\/uploads\/2025\/02\/spd-verschwommen.jpg","url":"https:\/\/www.spdkoelnnord.de\/wp-content\/uploads\/2025\/02\/spd-verschwommen.jpg","height":675,"width":1200},"wordCount":415,"keywords":["bildung","deine"]},{"@type":"BlogPosting","@id":"https:\/\/www.spdkoelnnord.de\/jochen-ott-nicht-nur-in-der-fluechtlingspolitik-in-nrw-funktionieren-die-dinge-immer-schlechter\/","headline":"Jochen Ott: \u201eNicht nur in der Fl\u00fcchtlingspolitik: In NRW funktionieren die Dinge immer schlechter\u201c","url":"https:\/\/www.spdkoelnnord.de\/jochen-ott-nicht-nur-in-der-fluechtlingspolitik-in-nrw-funktionieren-die-dinge-immer-schlechter\/","datePublished":"2023-08-23","dateModified":"2023-08-23","mainEntityOfPage":"https:\/\/www.spdkoelnnord.de\/jochen-ott-nicht-nur-in-der-fluechtlingspolitik-in-nrw-funktionieren-die-dinge-immer-schlechter\/","author":{"@type":"Person","@id":"https:\/\/www.spdkoelnnord.de\/author\/ott\/#Person","name":"Jochen Ott","url":"https:\/\/www.spdkoelnnord.de\/author\/ott\/","identifier":344,"image":{"@type":"ImageObject","@id":"https:\/\/www.spdkoelnnord.de\/wp-content\/plugins\/wp-user-avatar\/deprecated\/wp-user-avatar\/images\/wpua-96x96.png","url":"https:\/\/www.spdkoelnnord.de\/wp-content\/plugins\/wp-user-avatar\/deprecated\/wp-user-avatar\/images\/wpua-96x96.png","height":96,"width":96}},"publisher":{"@type":"Organization","name":"SPD im K\u00f6lner Norden","logo":{"@type":"ImageObject","@id":"https:\/\/www.spdkoelnnord.de\/wp-content\/uploads\/2019\/10\/cropped-logo_ko\u0308lnspd.jpg","url":"https:\/\/www.spdkoelnnord.de\/wp-content\/uploads\/2019\/10\/cropped-logo_ko\u0308lnspd.jpg","width":null,"height":null}},"image":{"@type":"ImageObject","@id":"https:\/\/www.spdkoelnnord.de\/wp-content\/uploads\/2024\/02\/logo_koelnspd.png","url":"https:\/\/www.spdkoelnnord.de\/wp-content\/uploads\/2024\/02\/logo_koelnspd.png","width":945,"height":945},"wordCount":347,"keywords":["dinge","fluchtlingspolitik","funktionieren","immer","jochen","nicht"]}]},{"@context":"https:\/\/schema.org","@type":"WebSite","@id":"https:\/\/www.spdkoelnnord.de\/#website","name":"Die SPD im K\u00f6lner Norden","url":"https:\/\/www.spdkoelnnord.de","potentialAction":{"@type":"SearchAction","target":"https:\/\/www.spdkoelnnord.de\/?s={search_term_string}","query-input":"required name=search_term_string"}}]