[{"@context":"https:\/\/schema.org\/","@type":"Blog","@id":"https:\/\/www.spdkoelnnord.de#Blog","headline":"Die SPD im K\u00f6lner Norden","description":"Die SPD im Stadtbezirk K\u00f6ln - Chorweiler","url":"https:\/\/www.spdkoelnnord.de","blogPost":[{"@type":"BlogPosting","@id":"https:\/\/www.spdkoelnnord.de\/koelnspd-fordert-gag-auf-stoppt-die-mieterhoehungen-und-bleibt-sozial-spd-sieht-die-stadt-in-der-verantwortung\/","headline":"K\u00f6lnSPD fordert GAG auf: Stoppt die Mieterh\u00f6hungen und bleibt sozial! SPD sieht die Stadt in der Verantwortung","url":"https:\/\/www.spdkoelnnord.de\/koelnspd-fordert-gag-auf-stoppt-die-mieterhoehungen-und-bleibt-sozial-spd-sieht-die-stadt-in-der-verantwortung\/","datePublished":"2023-07-19","dateModified":"2023-07-19","mainEntityOfPage":"https:\/\/www.spdkoelnnord.de\/koelnspd-fordert-gag-auf-stoppt-die-mieterhoehungen-und-bleibt-sozial-spd-sieht-die-stadt-in-der-verantwortung\/","author":{"@type":"Person","@id":"https:\/\/www.spdkoelnnord.de\/author\/koelnspd\/#Person","name":"K\u00f6lnSPD","url":"https:\/\/www.spdkoelnnord.de\/author\/koelnspd\/","identifier":11,"description":"SPD-Unterbezirk K\u00f6ln\r\nMagnusstra\u00dfe 18 b\r\n50672 K\u00f6ln\r\nTel: 0221 \/ 92 59 81-0","image":{"@type":"ImageObject","@id":"https:\/\/www.spdkoelnnord.de\/wp-content\/plugins\/wp-user-avatar\/deprecated\/wp-user-avatar\/images\/wpua-96x96.png","url":"https:\/\/www.spdkoelnnord.de\/wp-content\/plugins\/wp-user-avatar\/deprecated\/wp-user-avatar\/images\/wpua-96x96.png","height":96,"width":96}},"publisher":{"@type":"Organization","name":"SPD im K\u00f6lner Norden","logo":{"@type":"ImageObject","@id":"https:\/\/www.spdkoelnnord.de\/wp-content\/uploads\/2019\/10\/cropped-logo_ko\u0308lnspd.jpg","url":"https:\/\/www.spdkoelnnord.de\/wp-content\/uploads\/2019\/10\/cropped-logo_ko\u0308lnspd.jpg","width":null,"height":null}},"image":{"@type":"ImageObject","@id":"https:\/\/www.spdkoelnnord.de\/wp-content\/uploads\/2024\/02\/logo_koelnspd.png","url":"https:\/\/www.spdkoelnnord.de\/wp-content\/uploads\/2024\/02\/logo_koelnspd.png","width":945,"height":945},"wordCount":421,"keywords":["bleibt","fordert","kolnspd","mieterhohungen","sozial","stoppt"]},{"@type":"BlogPosting","@id":"https:\/\/www.spdkoelnnord.de\/oekologisches-verhalten-muss-man-sich-leisten-koennen\/","headline":"\u201e\u00d6kologisches  Verhalten muss man sich leisten k\u00f6nnen\u201c","url":"https:\/\/www.spdkoelnnord.de\/oekologisches-verhalten-muss-man-sich-leisten-koennen\/","datePublished":"2023-07-14","dateModified":"2023-07-14","mainEntityOfPage":"https:\/\/www.spdkoelnnord.de\/oekologisches-verhalten-muss-man-sich-leisten-koennen\/","author":{"@type":"Person","@id":"https:\/\/www.spdkoelnnord.de\/author\/spdbundestagsfraktion\/#Person","name":"Bundestagsfraktion","url":"https:\/\/www.spdkoelnnord.de\/author\/spdbundestagsfraktion\/","identifier":325,"image":{"@type":"ImageObject","@id":"https:\/\/www.spdkoelnnord.de\/wp-content\/plugins\/wp-user-avatar\/deprecated\/wp-user-avatar\/images\/wpua-96x96.png","url":"https:\/\/www.spdkoelnnord.de\/wp-content\/plugins\/wp-user-avatar\/deprecated\/wp-user-avatar\/images\/wpua-96x96.png","height":96,"width":96}},"publisher":{"@type":"Organization","name":"SPD im K\u00f6lner Norden","logo":{"@type":"ImageObject","@id":"https:\/\/www.spdkoelnnord.de\/wp-content\/uploads\/2019\/10\/cropped-logo_ko\u0308lnspd.jpg","url":"https:\/\/www.spdkoelnnord.de\/wp-content\/uploads\/2019\/10\/cropped-logo_ko\u0308lnspd.jpg","width":null,"height":null}},"image":{"@type":"ImageObject","@id":"https:\/\/www.spdkoelnnord.de\/wp-content\/uploads\/2025\/02\/spd-verschwommen.jpg","url":"https:\/\/www.spdkoelnnord.de\/wp-content\/uploads\/2025\/02\/spd-verschwommen.jpg","height":675,"width":1200},"wordCount":42,"keywords":["gebaudeenergiegesetz","Katja Mast","kindergrundsicherung","konnen","leisten","okologisches","Parlamentarischer Gesch\u00e4ftsf\u00fchrer","verhalten"]},{"@type":"BlogPosting","@id":"https:\/\/www.spdkoelnnord.de\/staerkung-des-altersgerechten-umbaus\/","headline":"St\u00e4rkung des altersgerechten Umbaus","url":"https:\/\/www.spdkoelnnord.de\/staerkung-des-altersgerechten-umbaus\/","datePublished":"2023-07-14","dateModified":"2023-07-14","mainEntityOfPage":"https:\/\/www.spdkoelnnord.de\/staerkung-des-altersgerechten-umbaus\/","author":{"@type":"Person","@id":"https:\/\/www.spdkoelnnord.de\/author\/spdbundestagsfraktion\/#Person","name":"Bundestagsfraktion","url":"https:\/\/www.spdkoelnnord.de\/author\/spdbundestagsfraktion\/","identifier":325,"image":{"@type":"ImageObject","@id":"https:\/\/www.spdkoelnnord.de\/wp-content\/plugins\/wp-user-avatar\/deprecated\/wp-user-avatar\/images\/wpua-96x96.png","url":"https:\/\/www.spdkoelnnord.de\/wp-content\/plugins\/wp-user-avatar\/deprecated\/wp-user-avatar\/images\/wpua-96x96.png","height":96,"width":96}},"publisher":{"@type":"Organization","name":"SPD im K\u00f6lner Norden","logo":{"@type":"ImageObject","@id":"https:\/\/www.spdkoelnnord.de\/wp-content\/uploads\/2019\/10\/cropped-logo_ko\u0308lnspd.jpg","url":"https:\/\/www.spdkoelnnord.de\/wp-content\/uploads\/2019\/10\/cropped-logo_ko\u0308lnspd.jpg","width":null,"height":null}},"image":{"@type":"ImageObject","@id":"https:\/\/www.spdkoelnnord.de\/wp-content\/uploads\/2024\/02\/logo_koelnspd.png","url":"https:\/\/www.spdkoelnnord.de\/wp-content\/uploads\/2024\/02\/logo_koelnspd.png","width":945,"height":945},"wordCount":151,"keywords":["altersgerechten","starkung","umbaus"]},{"@type":"BlogPosting","@id":"https:\/\/www.spdkoelnnord.de\/wohnungen-im-laurenz-carres-bauen-gefoerdert-bezahlbar-und-machbar\/","headline":"Wohnungen im Laurenz Carr\u00e9s bauen \u2013 gef\u00f6rdert, bezahlbar und machbar","url":"https:\/\/www.spdkoelnnord.de\/wohnungen-im-laurenz-carres-bauen-gefoerdert-bezahlbar-und-machbar\/","datePublished":"2023-07-11","dateModified":"2023-07-11","mainEntityOfPage":"https:\/\/www.spdkoelnnord.de\/wohnungen-im-laurenz-carres-bauen-gefoerdert-bezahlbar-und-machbar\/","author":{"@type":"Person","@id":"https:\/\/www.spdkoelnnord.de\/author\/koelnspd\/#Person","name":"K\u00f6lnSPD","url":"https:\/\/www.spdkoelnnord.de\/author\/koelnspd\/","identifier":11,"description":"SPD-Unterbezirk K\u00f6ln\r\nMagnusstra\u00dfe 18 b\r\n50672 K\u00f6ln\r\nTel: 0221 \/ 92 59 81-0","image":{"@type":"ImageObject","@id":"https:\/\/www.spdkoelnnord.de\/wp-content\/plugins\/wp-user-avatar\/deprecated\/wp-user-avatar\/images\/wpua-96x96.png","url":"https:\/\/www.spdkoelnnord.de\/wp-content\/plugins\/wp-user-avatar\/deprecated\/wp-user-avatar\/images\/wpua-96x96.png","height":96,"width":96}},"publisher":{"@type":"Organization","name":"SPD im K\u00f6lner Norden","logo":{"@type":"ImageObject","@id":"https:\/\/www.spdkoelnnord.de\/wp-content\/uploads\/2019\/10\/cropped-logo_ko\u0308lnspd.jpg","url":"https:\/\/www.spdkoelnnord.de\/wp-content\/uploads\/2019\/10\/cropped-logo_ko\u0308lnspd.jpg","width":null,"height":null}},"image":{"@type":"ImageObject","@id":"https:\/\/www.spdkoelnnord.de\/wp-content\/uploads\/2024\/02\/logo_koelnspd.png","url":"https:\/\/www.spdkoelnnord.de\/wp-content\/uploads\/2024\/02\/logo_koelnspd.png","width":945,"height":945},"wordCount":296,"keywords":["bauen","bezahlbar","carres","gefordert","laurenz","wohnungen"]},{"@type":"BlogPosting","@id":"https:\/\/www.spdkoelnnord.de\/unsere-feuerwehr-braucht-einsatzbereites-equipment\/","headline":"Unsere Feuerwehr braucht einsatzbereites Equipment","url":"https:\/\/www.spdkoelnnord.de\/unsere-feuerwehr-braucht-einsatzbereites-equipment\/","datePublished":"2023-07-07","dateModified":"2023-07-07","mainEntityOfPage":"https:\/\/www.spdkoelnnord.de\/unsere-feuerwehr-braucht-einsatzbereites-equipment\/","author":{"@type":"Person","@id":"https:\/\/www.spdkoelnnord.de\/author\/koelnspd\/#Person","name":"K\u00f6lnSPD","url":"https:\/\/www.spdkoelnnord.de\/author\/koelnspd\/","identifier":11,"description":"SPD-Unterbezirk K\u00f6ln\r\nMagnusstra\u00dfe 18 b\r\n50672 K\u00f6ln\r\nTel: 0221 \/ 92 59 81-0","image":{"@type":"ImageObject","@id":"https:\/\/www.spdkoelnnord.de\/wp-content\/plugins\/wp-user-avatar\/deprecated\/wp-user-avatar\/images\/wpua-96x96.png","url":"https:\/\/www.spdkoelnnord.de\/wp-content\/plugins\/wp-user-avatar\/deprecated\/wp-user-avatar\/images\/wpua-96x96.png","height":96,"width":96}},"publisher":{"@type":"Organization","name":"SPD im K\u00f6lner Norden","logo":{"@type":"ImageObject","@id":"https:\/\/www.spdkoelnnord.de\/wp-content\/uploads\/2019\/10\/cropped-logo_ko\u0308lnspd.jpg","url":"https:\/\/www.spdkoelnnord.de\/wp-content\/uploads\/2019\/10\/cropped-logo_ko\u0308lnspd.jpg","width":null,"height":null}},"image":{"@type":"ImageObject","@id":"https:\/\/www.spdkoelnnord.de\/wp-content\/uploads\/2025\/02\/spd-verschwommen.jpg","url":"https:\/\/www.spdkoelnnord.de\/wp-content\/uploads\/2025\/02\/spd-verschwommen.jpg","height":675,"width":1200},"wordCount":932,"keywords":["aufklarung","braucht","einsatzbereites","equipment","feuerwehr","Feuerwehr K\u00f6ln","Pers\u00f6nliche Schutzausr\u00fcstung","Ratingen","Sankt Augustin","unsere"]},{"@type":"BlogPosting","@id":"https:\/\/www.spdkoelnnord.de\/mietmoratorium-statt-klagewelle-gag-muss-sich-wieder-auf-sozialen-auftrag-besinnen\/","headline":"Mietmoratorium statt Klagewelle: GAG muss sich wieder auf sozialen Auftrag besinnen!","url":"https:\/\/www.spdkoelnnord.de\/mietmoratorium-statt-klagewelle-gag-muss-sich-wieder-auf-sozialen-auftrag-besinnen\/","datePublished":"2023-07-07","dateModified":"2023-07-07","mainEntityOfPage":"https:\/\/www.spdkoelnnord.de\/mietmoratorium-statt-klagewelle-gag-muss-sich-wieder-auf-sozialen-auftrag-besinnen\/","author":{"@type":"Person","@id":"https:\/\/www.spdkoelnnord.de\/author\/koelnspd\/#Person","name":"K\u00f6lnSPD","url":"https:\/\/www.spdkoelnnord.de\/author\/koelnspd\/","identifier":11,"description":"SPD-Unterbezirk K\u00f6ln\r\nMagnusstra\u00dfe 18 b\r\n50672 K\u00f6ln\r\nTel: 0221 \/ 92 59 81-0","image":{"@type":"ImageObject","@id":"https:\/\/www.spdkoelnnord.de\/wp-content\/plugins\/wp-user-avatar\/deprecated\/wp-user-avatar\/images\/wpua-96x96.png","url":"https:\/\/www.spdkoelnnord.de\/wp-content\/plugins\/wp-user-avatar\/deprecated\/wp-user-avatar\/images\/wpua-96x96.png","height":96,"width":96}},"publisher":{"@type":"Organization","name":"SPD im K\u00f6lner Norden","logo":{"@type":"ImageObject","@id":"https:\/\/www.spdkoelnnord.de\/wp-content\/uploads\/2019\/10\/cropped-logo_ko\u0308lnspd.jpg","url":"https:\/\/www.spdkoelnnord.de\/wp-content\/uploads\/2019\/10\/cropped-logo_ko\u0308lnspd.jpg","width":null,"height":null}},"image":{"@type":"ImageObject","@id":"https:\/\/www.spdkoelnnord.de\/wp-content\/uploads\/2025\/02\/spd-verschwommen.jpg","url":"https:\/\/www.spdkoelnnord.de\/wp-content\/uploads\/2025\/02\/spd-verschwommen.jpg","height":675,"width":1200},"wordCount":192,"keywords":["auftrag","klagewelle","mietmoratorium","Mietvertrag (Deutschland)","sozialen","statt","Universit\u00e4t zu K\u00f6ln","wieder","Ziel"]},{"@type":"BlogPosting","@id":"https:\/\/www.spdkoelnnord.de\/armut-ist-kein-schicksal-die-kindergrundsicherung-muss-kommen\/","headline":"Armut ist kein Schicksal \u2013 die Kindergrundsicherung muss kommen!","url":"https:\/\/www.spdkoelnnord.de\/armut-ist-kein-schicksal-die-kindergrundsicherung-muss-kommen\/","datePublished":"2023-07-07","dateModified":"2024-03-15","mainEntityOfPage":"https:\/\/www.spdkoelnnord.de\/armut-ist-kein-schicksal-die-kindergrundsicherung-muss-kommen\/","author":{"@type":"Person","@id":"https:\/\/www.spdkoelnnord.de\/author\/koelnspd\/#Person","name":"K\u00f6lnSPD","url":"https:\/\/www.spdkoelnnord.de\/author\/koelnspd\/","identifier":11,"description":"SPD-Unterbezirk K\u00f6ln\r\nMagnusstra\u00dfe 18 b\r\n50672 K\u00f6ln\r\nTel: 0221 \/ 92 59 81-0","image":{"@type":"ImageObject","@id":"https:\/\/www.spdkoelnnord.de\/wp-content\/plugins\/wp-user-avatar\/deprecated\/wp-user-avatar\/images\/wpua-96x96.png","url":"https:\/\/www.spdkoelnnord.de\/wp-content\/plugins\/wp-user-avatar\/deprecated\/wp-user-avatar\/images\/wpua-96x96.png","height":96,"width":96}},"publisher":{"@type":"Organization","name":"SPD im K\u00f6lner Norden","logo":{"@type":"ImageObject","@id":"https:\/\/www.spdkoelnnord.de\/wp-content\/uploads\/2019\/10\/cropped-logo_ko\u0308lnspd.jpg","url":"https:\/\/www.spdkoelnnord.de\/wp-content\/uploads\/2019\/10\/cropped-logo_ko\u0308lnspd.jpg","width":null,"height":null}},"image":{"@type":"ImageObject","@id":"https:\/\/www.koelnspd.de\/wp-content\/uploads\/sites\/749\/2023\/07\/armut-600x400.png","url":"https:\/\/www.koelnspd.de\/wp-content\/uploads\/sites\/749\/2023\/07\/armut-600x400.png","height":400,"width":600},"wordCount":355,"keywords":["armut","kindergrundsicherung","kommen","schicksal"]}]},{"@context":"https:\/\/schema.org","@type":"WebSite","@id":"https:\/\/www.spdkoelnnord.de\/#website","name":"Die SPD im K\u00f6lner Norden","url":"https:\/\/www.spdkoelnnord.de","potentialAction":{"@type":"SearchAction","target":"https:\/\/www.spdkoelnnord.de\/?s={search_term_string}","query-input":"required name=search_term_string"}}]