[{"@context":"https:\/\/schema.org\/","@type":"Blog","@id":"https:\/\/www.spdkoelnnord.de#Blog","headline":"Die SPD im K\u00f6lner Norden","description":"Die SPD im Stadtbezirk K\u00f6ln - Chorweiler","url":"https:\/\/www.spdkoelnnord.de","blogPost":[{"@type":"BlogPosting","@id":"https:\/\/www.spdkoelnnord.de\/das-engagement-des-bod-nicht-zu-verlaengern-ist-ein-fehler\/","headline":"Das Engagement des BOD nicht zu verl\u00e4ngern ist ein Fehler!","url":"https:\/\/www.spdkoelnnord.de\/das-engagement-des-bod-nicht-zu-verlaengern-ist-ein-fehler\/","datePublished":"2023-06-23","dateModified":"2023-06-23","mainEntityOfPage":"https:\/\/www.spdkoelnnord.de\/das-engagement-des-bod-nicht-zu-verlaengern-ist-ein-fehler\/","author":{"@type":"Person","@id":"https:\/\/www.spdkoelnnord.de\/author\/koelnspd\/#Person","name":"K\u00f6lnSPD","url":"https:\/\/www.spdkoelnnord.de\/author\/koelnspd\/","identifier":11,"description":"SPD-Unterbezirk K\u00f6ln\r\nMagnusstra\u00dfe 18 b\r\n50672 K\u00f6ln\r\nTel: 0221 \/ 92 59 81-0","image":{"@type":"ImageObject","@id":"https:\/\/www.spdkoelnnord.de\/wp-content\/plugins\/wp-user-avatar\/deprecated\/wp-user-avatar\/images\/wpua-96x96.png","url":"https:\/\/www.spdkoelnnord.de\/wp-content\/plugins\/wp-user-avatar\/deprecated\/wp-user-avatar\/images\/wpua-96x96.png","height":96,"width":96}},"publisher":{"@type":"Organization","name":"SPD im K\u00f6lner Norden","logo":{"@type":"ImageObject","@id":"https:\/\/www.spdkoelnnord.de\/wp-content\/uploads\/2019\/10\/cropped-logo_ko\u0308lnspd.jpg","url":"https:\/\/www.spdkoelnnord.de\/wp-content\/uploads\/2019\/10\/cropped-logo_ko\u0308lnspd.jpg","width":null,"height":null}},"image":{"@type":"ImageObject","@id":"https:\/\/www.spdkoelnnord.de\/wp-content\/uploads\/2024\/02\/logo_koelnspd.png","url":"https:\/\/www.spdkoelnnord.de\/wp-content\/uploads\/2024\/02\/logo_koelnspd.png","width":945,"height":945},"wordCount":217,"keywords":["engagement","fehler","nicht","verlangern"]},{"@type":"BlogPosting","@id":"https:\/\/www.spdkoelnnord.de\/koelnspd-gag-soll-mieterhoehungen-zuruecknehmen\/","headline":"K\u00f6lnSPD: GAG soll Mieterh\u00f6hungen zur\u00fccknehmen","url":"https:\/\/www.spdkoelnnord.de\/koelnspd-gag-soll-mieterhoehungen-zuruecknehmen\/","datePublished":"2023-06-22","dateModified":"2023-06-22","mainEntityOfPage":"https:\/\/www.spdkoelnnord.de\/koelnspd-gag-soll-mieterhoehungen-zuruecknehmen\/","author":{"@type":"Person","@id":"https:\/\/www.spdkoelnnord.de\/author\/koelnspd\/#Person","name":"K\u00f6lnSPD","url":"https:\/\/www.spdkoelnnord.de\/author\/koelnspd\/","identifier":11,"description":"SPD-Unterbezirk K\u00f6ln\r\nMagnusstra\u00dfe 18 b\r\n50672 K\u00f6ln\r\nTel: 0221 \/ 92 59 81-0","image":{"@type":"ImageObject","@id":"https:\/\/www.spdkoelnnord.de\/wp-content\/plugins\/wp-user-avatar\/deprecated\/wp-user-avatar\/images\/wpua-96x96.png","url":"https:\/\/www.spdkoelnnord.de\/wp-content\/plugins\/wp-user-avatar\/deprecated\/wp-user-avatar\/images\/wpua-96x96.png","height":96,"width":96}},"publisher":{"@type":"Organization","name":"SPD im K\u00f6lner Norden","logo":{"@type":"ImageObject","@id":"https:\/\/www.spdkoelnnord.de\/wp-content\/uploads\/2019\/10\/cropped-logo_ko\u0308lnspd.jpg","url":"https:\/\/www.spdkoelnnord.de\/wp-content\/uploads\/2019\/10\/cropped-logo_ko\u0308lnspd.jpg","width":null,"height":null}},"image":{"@type":"ImageObject","@id":"https:\/\/www.spdkoelnnord.de\/wp-content\/uploads\/2025\/02\/spd-verschwommen.jpg","url":"https:\/\/www.spdkoelnnord.de\/wp-content\/uploads\/2025\/02\/spd-verschwommen.jpg","height":675,"width":1200},"wordCount":126,"keywords":["K\u00f6ln","kolnspd","Mieterh\u00f6hung","mieterhohungen","Online-Petition","zurucknehmen"]},{"@type":"BlogPosting","@id":"https:\/\/www.spdkoelnnord.de\/fuer-eine-gerechte-kindergrundsicherung\/","headline":"F\u00fcr eine gerechte Kindergrundsicherung","url":"https:\/\/www.spdkoelnnord.de\/fuer-eine-gerechte-kindergrundsicherung\/","datePublished":"2023-06-22","dateModified":"2023-06-22","mainEntityOfPage":"https:\/\/www.spdkoelnnord.de\/fuer-eine-gerechte-kindergrundsicherung\/","author":{"@type":"Person","@id":"https:\/\/www.spdkoelnnord.de\/author\/spdbundestagsfraktion\/#Person","name":"Bundestagsfraktion","url":"https:\/\/www.spdkoelnnord.de\/author\/spdbundestagsfraktion\/","identifier":325,"image":{"@type":"ImageObject","@id":"https:\/\/www.spdkoelnnord.de\/wp-content\/plugins\/wp-user-avatar\/deprecated\/wp-user-avatar\/images\/wpua-96x96.png","url":"https:\/\/www.spdkoelnnord.de\/wp-content\/plugins\/wp-user-avatar\/deprecated\/wp-user-avatar\/images\/wpua-96x96.png","height":96,"width":96}},"publisher":{"@type":"Organization","name":"SPD im K\u00f6lner Norden","logo":{"@type":"ImageObject","@id":"https:\/\/www.spdkoelnnord.de\/wp-content\/uploads\/2019\/10\/cropped-logo_ko\u0308lnspd.jpg","url":"https:\/\/www.spdkoelnnord.de\/wp-content\/uploads\/2019\/10\/cropped-logo_ko\u0308lnspd.jpg","width":null,"height":null}},"image":{"@type":"ImageObject","@id":"https:\/\/www.spdkoelnnord.de\/wp-content\/uploads\/2024\/02\/logo_koelnspd.png","url":"https:\/\/www.spdkoelnnord.de\/wp-content\/uploads\/2024\/02\/logo_koelnspd.png","width":945,"height":945},"wordCount":40,"keywords":["gerechte","kindergrundsicherung"]},{"@type":"BlogPosting","@id":"https:\/\/www.spdkoelnnord.de\/50-jahre-asf-und-auch-die-sozialdemokratischen-frauen-aus-mittelrhein-feiern-das\/","headline":"50 Jahre AsF und auch die sozialdemokratischen Frauen aus Mittelrhein feiern das","url":"https:\/\/www.spdkoelnnord.de\/50-jahre-asf-und-auch-die-sozialdemokratischen-frauen-aus-mittelrhein-feiern-das\/","datePublished":"2023-06-22","dateModified":"2024-03-15","mainEntityOfPage":"https:\/\/www.spdkoelnnord.de\/50-jahre-asf-und-auch-die-sozialdemokratischen-frauen-aus-mittelrhein-feiern-das\/","author":{"@type":"Person","@id":"https:\/\/www.spdkoelnnord.de\/author\/bezirk_mitthelrhein\/#Person","name":"Bezirk Mittelrhein","url":"https:\/\/www.spdkoelnnord.de\/author\/bezirk_mitthelrhein\/","identifier":1226,"description":"Zur rheinischen Region geh\u00f6ren die St\u00e4dte K\u00f6ln, Bonn, Aachen und Leverkusen, die St\u00e4dteRegion Aachen sowie die Kreise D\u00fcren, Euskirchen, Rhein-Sieg, Rhein-Erft, Rhein-Berg, Heinsberg und Oberberg.\r\n\r\nAuf dieser Seite finden Sie Informationen aus der Arbeit des SPD-Bezirks und Informationen zu Ihren Abgeordneten in Bund, Land und Europa.","image":{"@type":"ImageObject","@id":"https:\/\/www.spdkoelnnord.de\/wp-content\/plugins\/wp-user-avatar\/deprecated\/wp-user-avatar\/images\/wpua-96x96.png","url":"https:\/\/www.spdkoelnnord.de\/wp-content\/plugins\/wp-user-avatar\/deprecated\/wp-user-avatar\/images\/wpua-96x96.png","height":96,"width":96}},"publisher":{"@type":"Organization","name":"SPD im K\u00f6lner Norden","logo":{"@type":"ImageObject","@id":"https:\/\/www.spdkoelnnord.de\/wp-content\/uploads\/2019\/10\/cropped-logo_ko\u0308lnspd.jpg","url":"https:\/\/www.spdkoelnnord.de\/wp-content\/uploads\/2019\/10\/cropped-logo_ko\u0308lnspd.jpg","width":null,"height":null}},"image":{"@type":"ImageObject","@id":"https:\/\/www.spdkoelnnord.de\/wp-content\/uploads\/2024\/02\/asf-bild1-2.jpg","url":"https:\/\/www.spdkoelnnord.de\/wp-content\/uploads\/2024\/02\/asf-bild1-2.jpg","height":394,"width":591},"wordCount":345,"keywords":["feiern","frauen","jahre","mittelrhein","sozialdemokratischen"]},{"@type":"BlogPosting","@id":"https:\/\/www.spdkoelnnord.de\/bauen-mit-holz-foerderlich-fuer-klima-und-ressourceneffizienz\/","headline":"Bauen mit Holz f\u00f6rderlich f\u00fcr Klima- und Ressourceneffizienz","url":"https:\/\/www.spdkoelnnord.de\/bauen-mit-holz-foerderlich-fuer-klima-und-ressourceneffizienz\/","datePublished":"2023-06-21","dateModified":"2023-06-21","mainEntityOfPage":"https:\/\/www.spdkoelnnord.de\/bauen-mit-holz-foerderlich-fuer-klima-und-ressourceneffizienz\/","author":{"@type":"Person","@id":"https:\/\/www.spdkoelnnord.de\/author\/spdbundestagsfraktion\/#Person","name":"Bundestagsfraktion","url":"https:\/\/www.spdkoelnnord.de\/author\/spdbundestagsfraktion\/","identifier":325,"image":{"@type":"ImageObject","@id":"https:\/\/www.spdkoelnnord.de\/wp-content\/plugins\/wp-user-avatar\/deprecated\/wp-user-avatar\/images\/wpua-96x96.png","url":"https:\/\/www.spdkoelnnord.de\/wp-content\/plugins\/wp-user-avatar\/deprecated\/wp-user-avatar\/images\/wpua-96x96.png","height":96,"width":96}},"publisher":{"@type":"Organization","name":"SPD im K\u00f6lner Norden","logo":{"@type":"ImageObject","@id":"https:\/\/www.spdkoelnnord.de\/wp-content\/uploads\/2019\/10\/cropped-logo_ko\u0308lnspd.jpg","url":"https:\/\/www.spdkoelnnord.de\/wp-content\/uploads\/2019\/10\/cropped-logo_ko\u0308lnspd.jpg","width":null,"height":null}},"image":{"@type":"ImageObject","@id":"https:\/\/www.spdkoelnnord.de\/wp-content\/uploads\/2025\/02\/spd-verschwommen.jpg","url":"https:\/\/www.spdkoelnnord.de\/wp-content\/uploads\/2025\/02\/spd-verschwommen.jpg","height":675,"width":1200},"wordCount":60,"keywords":["bauen","Bundesregierung (Deutschland)","forderlich","Isabel Mackensen-Geis","klima","klimaschutz","Nachwachsender Rohstoff","ressourceneffizienz","Timo Schisanowski"]},{"@type":"BlogPosting","@id":"https:\/\/www.spdkoelnnord.de\/mehr-entscheidungsspielraum-fuer-kommunen\/","headline":"Mehr Entscheidungsspielraum f\u00fcr Kommunen","url":"https:\/\/www.spdkoelnnord.de\/mehr-entscheidungsspielraum-fuer-kommunen\/","datePublished":"2023-06-21","dateModified":"2023-06-21","mainEntityOfPage":"https:\/\/www.spdkoelnnord.de\/mehr-entscheidungsspielraum-fuer-kommunen\/","author":{"@type":"Person","@id":"https:\/\/www.spdkoelnnord.de\/author\/spdbundestagsfraktion\/#Person","name":"Bundestagsfraktion","url":"https:\/\/www.spdkoelnnord.de\/author\/spdbundestagsfraktion\/","identifier":325,"image":{"@type":"ImageObject","@id":"https:\/\/www.spdkoelnnord.de\/wp-content\/plugins\/wp-user-avatar\/deprecated\/wp-user-avatar\/images\/wpua-96x96.png","url":"https:\/\/www.spdkoelnnord.de\/wp-content\/plugins\/wp-user-avatar\/deprecated\/wp-user-avatar\/images\/wpua-96x96.png","height":96,"width":96}},"publisher":{"@type":"Organization","name":"SPD im K\u00f6lner Norden","logo":{"@type":"ImageObject","@id":"https:\/\/www.spdkoelnnord.de\/wp-content\/uploads\/2019\/10\/cropped-logo_ko\u0308lnspd.jpg","url":"https:\/\/www.spdkoelnnord.de\/wp-content\/uploads\/2019\/10\/cropped-logo_ko\u0308lnspd.jpg","width":null,"height":null}},"image":{"@type":"ImageObject","@id":"https:\/\/www.spdkoelnnord.de\/wp-content\/uploads\/2024\/02\/logo_koelnspd.png","url":"https:\/\/www.spdkoelnnord.de\/wp-content\/uploads\/2024\/02\/logo_koelnspd.png","width":945,"height":945},"wordCount":86,"keywords":["entscheidungsspielraum","kommunen"]},{"@type":"BlogPosting","@id":"https:\/\/www.spdkoelnnord.de\/bericht-aus-der-ratsfraktion\/","headline":"Bericht aus der Ratsfraktion","url":"https:\/\/www.spdkoelnnord.de\/bericht-aus-der-ratsfraktion\/","datePublished":"2023-06-19","dateModified":"2023-06-19","mainEntityOfPage":"https:\/\/www.spdkoelnnord.de\/bericht-aus-der-ratsfraktion\/","author":{"@type":"Person","@id":"https:\/\/www.spdkoelnnord.de\/author\/koelnspd\/#Person","name":"K\u00f6lnSPD","url":"https:\/\/www.spdkoelnnord.de\/author\/koelnspd\/","identifier":11,"description":"SPD-Unterbezirk K\u00f6ln\r\nMagnusstra\u00dfe 18 b\r\n50672 K\u00f6ln\r\nTel: 0221 \/ 92 59 81-0","image":{"@type":"ImageObject","@id":"https:\/\/www.spdkoelnnord.de\/wp-content\/plugins\/wp-user-avatar\/deprecated\/wp-user-avatar\/images\/wpua-96x96.png","url":"https:\/\/www.spdkoelnnord.de\/wp-content\/plugins\/wp-user-avatar\/deprecated\/wp-user-avatar\/images\/wpua-96x96.png","height":96,"width":96}},"publisher":{"@type":"Organization","name":"SPD im K\u00f6lner Norden","logo":{"@type":"ImageObject","@id":"https:\/\/www.spdkoelnnord.de\/wp-content\/uploads\/2019\/10\/cropped-logo_ko\u0308lnspd.jpg","url":"https:\/\/www.spdkoelnnord.de\/wp-content\/uploads\/2019\/10\/cropped-logo_ko\u0308lnspd.jpg","width":null,"height":null}},"image":{"@type":"ImageObject","@id":"https:\/\/www.spdkoelnnord.de\/wp-content\/uploads\/2025\/02\/spd-verschwommen.jpg","url":"https:\/\/www.spdkoelnnord.de\/wp-content\/uploads\/2025\/02\/spd-verschwommen.jpg","height":675,"width":1200},"wordCount":1165,"keywords":["Bedarfsermittlung","bericht","Betriebsrat","B\u00fcndnis 90\/Die Gr\u00fcnen","Daseinsvorsorge","Frist","Holweide","Karl Lauterbach","Kassen\u00e4rztliche Vereinigung","Kliniken der Stadt K\u00f6ln","K\u00f6ln","K\u00f6lner Stadt-Anzeiger","Lindenthal (K\u00f6ln)","Merheim","M\u00fclheim (K\u00f6ln)","Offenbachplatz","ratsfraktion","veedel"]}]},{"@context":"https:\/\/schema.org","@type":"WebSite","@id":"https:\/\/www.spdkoelnnord.de\/#website","name":"Die SPD im K\u00f6lner Norden","url":"https:\/\/www.spdkoelnnord.de","potentialAction":{"@type":"SearchAction","target":"https:\/\/www.spdkoelnnord.de\/?s={search_term_string}","query-input":"required name=search_term_string"}}]