[{"@context":"https:\/\/schema.org\/","@type":"Blog","@id":"https:\/\/www.spdkoelnnord.de#Blog","headline":"Die SPD im K\u00f6lner Norden","description":"Die SPD im Stadtbezirk K\u00f6ln - Chorweiler","url":"https:\/\/www.spdkoelnnord.de","blogPost":[{"@type":"BlogPosting","@id":"https:\/\/www.spdkoelnnord.de\/eine-oekologie-fuer-die-arbeitenden-menschen\/","headline":"Eine \u00d6kologie f\u00fcr die arbeitenden Menschen","url":"https:\/\/www.spdkoelnnord.de\/eine-oekologie-fuer-die-arbeitenden-menschen\/","datePublished":"2023-06-15","dateModified":"2023-06-15","mainEntityOfPage":"https:\/\/www.spdkoelnnord.de\/eine-oekologie-fuer-die-arbeitenden-menschen\/","author":{"@type":"Person","@id":"https:\/\/www.spdkoelnnord.de\/author\/ott\/#Person","name":"Jochen Ott","url":"https:\/\/www.spdkoelnnord.de\/author\/ott\/","identifier":344,"image":{"@type":"ImageObject","@id":"https:\/\/www.spdkoelnnord.de\/wp-content\/plugins\/wp-user-avatar\/deprecated\/wp-user-avatar\/images\/wpua-96x96.png","url":"https:\/\/www.spdkoelnnord.de\/wp-content\/plugins\/wp-user-avatar\/deprecated\/wp-user-avatar\/images\/wpua-96x96.png","height":96,"width":96}},"publisher":{"@type":"Organization","name":"SPD im K\u00f6lner Norden","logo":{"@type":"ImageObject","@id":"https:\/\/www.spdkoelnnord.de\/wp-content\/uploads\/2019\/10\/cropped-logo_ko\u0308lnspd.jpg","url":"https:\/\/www.spdkoelnnord.de\/wp-content\/uploads\/2019\/10\/cropped-logo_ko\u0308lnspd.jpg","width":null,"height":null}},"image":{"@type":"ImageObject","@id":"https:\/\/www.spdkoelnnord.de\/wp-content\/uploads\/2025\/02\/spd-verschwommen.jpg","url":"https:\/\/www.spdkoelnnord.de\/wp-content\/uploads\/2025\/02\/spd-verschwommen.jpg","height":675,"width":1200},"wordCount":779,"keywords":["Akquise","Anke Rehlinger","arbeitenden","berlin","B\u00fcndnis 90\/Die Gr\u00fcnen","Deutscher Bundestag","Deutsches Kaiserreich","Eigenkapital","Einkommen","Energiewende","Erneuerbare Energien","Fernw\u00e4rme","fortschritt","Geothermie","gerechtigkeit","industrie","Industriepolitik","innovation","Kapital","klima","Klimaneutralit\u00e4t","Klimapolitik","klimaschutz","Kulturkampf","Lebensstandard","Lernmittelfreiheit","menschen","Mittelstand","okologie","Photovoltaik","Pixabay","Proletariat","Saarland","Schwarz-gr\u00fcne Koalition","Sozialstaat","Technologie","Umwelt","Verh\u00e4ltnism\u00e4\u00dfigkeitsprinzip (Deutschland)","Ware","Windenergie","wirtschaft","Wirtschaftskrise"]},{"@type":"BlogPosting","@id":"https:\/\/www.spdkoelnnord.de\/ki-verordnung-ep-beschluss-als-bekenntnis-zu-europaeischen-werten\/","headline":"KI-Verordnung: EP-Beschluss als Bekenntnis zu europ\u00e4ischen Werten","url":"https:\/\/www.spdkoelnnord.de\/ki-verordnung-ep-beschluss-als-bekenntnis-zu-europaeischen-werten\/","datePublished":"2023-06-14","dateModified":"2023-06-14","mainEntityOfPage":"https:\/\/www.spdkoelnnord.de\/ki-verordnung-ep-beschluss-als-bekenntnis-zu-europaeischen-werten\/","author":{"@type":"Person","@id":"https:\/\/www.spdkoelnnord.de\/author\/spdbundestagsfraktion\/#Person","name":"Bundestagsfraktion","url":"https:\/\/www.spdkoelnnord.de\/author\/spdbundestagsfraktion\/","identifier":325,"image":{"@type":"ImageObject","@id":"https:\/\/www.spdkoelnnord.de\/wp-content\/plugins\/wp-user-avatar\/deprecated\/wp-user-avatar\/images\/wpua-96x96.png","url":"https:\/\/www.spdkoelnnord.de\/wp-content\/plugins\/wp-user-avatar\/deprecated\/wp-user-avatar\/images\/wpua-96x96.png","height":96,"width":96}},"publisher":{"@type":"Organization","name":"SPD im K\u00f6lner Norden","logo":{"@type":"ImageObject","@id":"https:\/\/www.spdkoelnnord.de\/wp-content\/uploads\/2019\/10\/cropped-logo_ko\u0308lnspd.jpg","url":"https:\/\/www.spdkoelnnord.de\/wp-content\/uploads\/2019\/10\/cropped-logo_ko\u0308lnspd.jpg","width":null,"height":null}},"image":{"@type":"ImageObject","@id":"https:\/\/www.spdkoelnnord.de\/wp-content\/uploads\/2024\/02\/logo_koelnspd.png","url":"https:\/\/www.spdkoelnnord.de\/wp-content\/uploads\/2024\/02\/logo_koelnspd.png","width":945,"height":945},"wordCount":80,"keywords":["bekenntnis","beschluss","europaischen","verordnung","werten"]},{"@type":"BlogPosting","@id":"https:\/\/www.spdkoelnnord.de\/haushaltschaos-ja-unterstuetzungspaket-nein-ein-jahr-schwarz-gruen-in-bildern\/","headline":"Haushaltschaos ja, Unterst\u00fctzungspaket nein: Ein Jahr Schwarz-Gr\u00fcn in Bildern","url":"https:\/\/www.spdkoelnnord.de\/haushaltschaos-ja-unterstuetzungspaket-nein-ein-jahr-schwarz-gruen-in-bildern\/","datePublished":"2023-06-13","dateModified":"2023-06-13","mainEntityOfPage":"https:\/\/www.spdkoelnnord.de\/haushaltschaos-ja-unterstuetzungspaket-nein-ein-jahr-schwarz-gruen-in-bildern\/","author":{"@type":"Person","@id":"https:\/\/www.spdkoelnnord.de\/author\/nrwspd-fraktion\/#Person","name":"NRWSPD Fraktion","url":"https:\/\/www.spdkoelnnord.de\/author\/nrwspd-fraktion\/","identifier":324,"image":{"@type":"ImageObject","@id":"https:\/\/www.spdkoelnnord.de\/wp-content\/plugins\/wp-user-avatar\/deprecated\/wp-user-avatar\/images\/wpua-96x96.png","url":"https:\/\/www.spdkoelnnord.de\/wp-content\/plugins\/wp-user-avatar\/deprecated\/wp-user-avatar\/images\/wpua-96x96.png","height":96,"width":96}},"publisher":{"@type":"Organization","name":"SPD im K\u00f6lner Norden","logo":{"@type":"ImageObject","@id":"https:\/\/www.spdkoelnnord.de\/wp-content\/uploads\/2019\/10\/cropped-logo_ko\u0308lnspd.jpg","url":"https:\/\/www.spdkoelnnord.de\/wp-content\/uploads\/2019\/10\/cropped-logo_ko\u0308lnspd.jpg","width":null,"height":null}},"image":{"@type":"ImageObject","@id":"https:\/\/www.spdkoelnnord.de\/wp-content\/uploads\/2024\/02\/logo_koelnspd.png","url":"https:\/\/www.spdkoelnnord.de\/wp-content\/uploads\/2024\/02\/logo_koelnspd.png","width":945,"height":945},"wordCount":692,"keywords":["bildern","haushaltschaos","schwarz","unterstutzungspaket"]},{"@type":"BlogPosting","@id":"https:\/\/www.spdkoelnnord.de\/der-instapraesident-ein-jahr-schwarz-gruen-in-bildern\/","headline":"Der Instapr\u00e4sident: Ein Jahr Schwarz-Gr\u00fcn in Bildern","url":"https:\/\/www.spdkoelnnord.de\/der-instapraesident-ein-jahr-schwarz-gruen-in-bildern\/","datePublished":"2023-06-13","dateModified":"2023-06-13","mainEntityOfPage":"https:\/\/www.spdkoelnnord.de\/der-instapraesident-ein-jahr-schwarz-gruen-in-bildern\/","author":{"@type":"Person","@id":"https:\/\/www.spdkoelnnord.de\/author\/nrwspd-fraktion\/#Person","name":"NRWSPD Fraktion","url":"https:\/\/www.spdkoelnnord.de\/author\/nrwspd-fraktion\/","identifier":324,"image":{"@type":"ImageObject","@id":"https:\/\/www.spdkoelnnord.de\/wp-content\/plugins\/wp-user-avatar\/deprecated\/wp-user-avatar\/images\/wpua-96x96.png","url":"https:\/\/www.spdkoelnnord.de\/wp-content\/plugins\/wp-user-avatar\/deprecated\/wp-user-avatar\/images\/wpua-96x96.png","height":96,"width":96}},"publisher":{"@type":"Organization","name":"SPD im K\u00f6lner Norden","logo":{"@type":"ImageObject","@id":"https:\/\/www.spdkoelnnord.de\/wp-content\/uploads\/2019\/10\/cropped-logo_ko\u0308lnspd.jpg","url":"https:\/\/www.spdkoelnnord.de\/wp-content\/uploads\/2019\/10\/cropped-logo_ko\u0308lnspd.jpg","width":null,"height":null}},"image":{"@type":"ImageObject","@id":"https:\/\/www.spdkoelnnord.de\/wp-content\/uploads\/2024\/02\/logo_koelnspd.png","url":"https:\/\/www.spdkoelnnord.de\/wp-content\/uploads\/2024\/02\/logo_koelnspd.png","width":945,"height":945},"wordCount":591,"keywords":["bildern","instaprasident","schwarz"]},{"@type":"BlogPosting","@id":"https:\/\/www.spdkoelnnord.de\/modernisierung-des-staatsangehoerigkeitsrechts-ist-ein-zeichen-von-vernunft-dankbarkeit-und-respekt\/","headline":"Modernisierung des Staatsangeh\u00f6rigkeitsrechts ist ein Zeichen von Vernunft, Dankbarkeit und Respekt","url":"https:\/\/www.spdkoelnnord.de\/modernisierung-des-staatsangehoerigkeitsrechts-ist-ein-zeichen-von-vernunft-dankbarkeit-und-respekt\/","datePublished":"2023-06-13","dateModified":"2024-03-15","mainEntityOfPage":"https:\/\/www.spdkoelnnord.de\/modernisierung-des-staatsangehoerigkeitsrechts-ist-ein-zeichen-von-vernunft-dankbarkeit-und-respekt\/","author":{"@type":"Person","@id":"https:\/\/www.spdkoelnnord.de\/author\/koelnspd\/#Person","name":"K\u00f6lnSPD","url":"https:\/\/www.spdkoelnnord.de\/author\/koelnspd\/","identifier":11,"description":"SPD-Unterbezirk K\u00f6ln\r\nMagnusstra\u00dfe 18 b\r\n50672 K\u00f6ln\r\nTel: 0221 \/ 92 59 81-0","image":{"@type":"ImageObject","@id":"https:\/\/www.spdkoelnnord.de\/wp-content\/plugins\/wp-user-avatar\/deprecated\/wp-user-avatar\/images\/wpua-96x96.png","url":"https:\/\/www.spdkoelnnord.de\/wp-content\/plugins\/wp-user-avatar\/deprecated\/wp-user-avatar\/images\/wpua-96x96.png","height":96,"width":96}},"publisher":{"@type":"Organization","name":"SPD im K\u00f6lner Norden","logo":{"@type":"ImageObject","@id":"https:\/\/www.spdkoelnnord.de\/wp-content\/uploads\/2019\/10\/cropped-logo_ko\u0308lnspd.jpg","url":"https:\/\/www.spdkoelnnord.de\/wp-content\/uploads\/2019\/10\/cropped-logo_ko\u0308lnspd.jpg","width":null,"height":null}},"image":{"@type":"ImageObject","@id":"https:\/\/www.spdkoelnnord.de\/wp-content\/uploads\/2025\/02\/spd-verschwommen.jpg","url":"https:\/\/www.spdkoelnnord.de\/wp-content\/uploads\/2025\/02\/spd-verschwommen.jpg","height":675,"width":1200},"wordCount":620,"keywords":["dankbarkeit","modernisierung","respekt","staatsangehorigkeitsrechts","vernunft","zeichen"]},{"@type":"BlogPosting","@id":"https:\/\/www.spdkoelnnord.de\/kinderschutz-geht-uns-alle-an\/","headline":"Kinderschutz geht uns alle an","url":"https:\/\/www.spdkoelnnord.de\/kinderschutz-geht-uns-alle-an\/","datePublished":"2023-06-13","dateModified":"2023-06-13","mainEntityOfPage":"https:\/\/www.spdkoelnnord.de\/kinderschutz-geht-uns-alle-an\/","author":{"@type":"Person","@id":"https:\/\/www.spdkoelnnord.de\/author\/spdbundestagsfraktion\/#Person","name":"Bundestagsfraktion","url":"https:\/\/www.spdkoelnnord.de\/author\/spdbundestagsfraktion\/","identifier":325,"image":{"@type":"ImageObject","@id":"https:\/\/www.spdkoelnnord.de\/wp-content\/plugins\/wp-user-avatar\/deprecated\/wp-user-avatar\/images\/wpua-96x96.png","url":"https:\/\/www.spdkoelnnord.de\/wp-content\/plugins\/wp-user-avatar\/deprecated\/wp-user-avatar\/images\/wpua-96x96.png","height":96,"width":96}},"publisher":{"@type":"Organization","name":"SPD im K\u00f6lner Norden","logo":{"@type":"ImageObject","@id":"https:\/\/www.spdkoelnnord.de\/wp-content\/uploads\/2019\/10\/cropped-logo_ko\u0308lnspd.jpg","url":"https:\/\/www.spdkoelnnord.de\/wp-content\/uploads\/2019\/10\/cropped-logo_ko\u0308lnspd.jpg","width":null,"height":null}},"image":{"@type":"ImageObject","@id":"https:\/\/www.spdkoelnnord.de\/wp-content\/uploads\/2024\/02\/logo_koelnspd.png","url":"https:\/\/www.spdkoelnnord.de\/wp-content\/uploads\/2024\/02\/logo_koelnspd.png","width":945,"height":945},"wordCount":101,"keywords":["kinderschutz"]},{"@type":"BlogPosting","@id":"https:\/\/www.spdkoelnnord.de\/flaute-fuer-windkraft-ein-jahr-schwarz-gruen-in-bildern\/","headline":"Flaute f\u00fcr Windkraft: Ein Jahr Schwarz-Gr\u00fcn in Bildern","url":"https:\/\/www.spdkoelnnord.de\/flaute-fuer-windkraft-ein-jahr-schwarz-gruen-in-bildern\/","datePublished":"2023-06-13","dateModified":"2023-06-13","mainEntityOfPage":"https:\/\/www.spdkoelnnord.de\/flaute-fuer-windkraft-ein-jahr-schwarz-gruen-in-bildern\/","author":{"@type":"Person","@id":"https:\/\/www.spdkoelnnord.de\/author\/nrwspd-fraktion\/#Person","name":"NRWSPD Fraktion","url":"https:\/\/www.spdkoelnnord.de\/author\/nrwspd-fraktion\/","identifier":324,"image":{"@type":"ImageObject","@id":"https:\/\/www.spdkoelnnord.de\/wp-content\/plugins\/wp-user-avatar\/deprecated\/wp-user-avatar\/images\/wpua-96x96.png","url":"https:\/\/www.spdkoelnnord.de\/wp-content\/plugins\/wp-user-avatar\/deprecated\/wp-user-avatar\/images\/wpua-96x96.png","height":96,"width":96}},"publisher":{"@type":"Organization","name":"SPD im K\u00f6lner Norden","logo":{"@type":"ImageObject","@id":"https:\/\/www.spdkoelnnord.de\/wp-content\/uploads\/2019\/10\/cropped-logo_ko\u0308lnspd.jpg","url":"https:\/\/www.spdkoelnnord.de\/wp-content\/uploads\/2019\/10\/cropped-logo_ko\u0308lnspd.jpg","width":null,"height":null}},"image":{"@type":"ImageObject","@id":"https:\/\/www.spdkoelnnord.de\/wp-content\/uploads\/2024\/02\/logo_koelnspd.png","url":"https:\/\/www.spdkoelnnord.de\/wp-content\/uploads\/2024\/02\/logo_koelnspd.png","width":945,"height":945},"wordCount":333,"keywords":["bildern","B\u00fcndnis 90\/Die Gr\u00fcnen","Erneuerbare Energien","flaute","H\u00e4ngepartie","schwarz","Schwarz-gr\u00fcne Koalition","Ware","Windenergie","windkraft"]}]},{"@context":"https:\/\/schema.org","@type":"WebSite","@id":"https:\/\/www.spdkoelnnord.de\/#website","name":"Die SPD im K\u00f6lner Norden","url":"https:\/\/www.spdkoelnnord.de","potentialAction":{"@type":"SearchAction","target":"https:\/\/www.spdkoelnnord.de\/?s={search_term_string}","query-input":"required name=search_term_string"}}]