[{"@context":"https:\/\/schema.org\/","@type":"Blog","@id":"https:\/\/www.spdkoelnnord.de#Blog","headline":"Die SPD im K\u00f6lner Norden","description":"Die SPD im Stadtbezirk K\u00f6ln - Chorweiler","url":"https:\/\/www.spdkoelnnord.de","blogPost":[{"@type":"BlogPosting","@id":"https:\/\/www.spdkoelnnord.de\/stau-und-brueckenchaos-ein-jahr-schwarz-gruen-in-bildern\/","headline":"Stau- und Br\u00fcckenchaos: Ein Jahr Schwarz-Gr\u00fcn in Bildern","url":"https:\/\/www.spdkoelnnord.de\/stau-und-brueckenchaos-ein-jahr-schwarz-gruen-in-bildern\/","datePublished":"2023-06-13","dateModified":"2023-06-13","mainEntityOfPage":"https:\/\/www.spdkoelnnord.de\/stau-und-brueckenchaos-ein-jahr-schwarz-gruen-in-bildern\/","author":{"@type":"Person","@id":"https:\/\/www.spdkoelnnord.de\/author\/nrwspd-fraktion\/#Person","name":"NRWSPD Fraktion","url":"https:\/\/www.spdkoelnnord.de\/author\/nrwspd-fraktion\/","identifier":324,"image":{"@type":"ImageObject","@id":"https:\/\/www.spdkoelnnord.de\/wp-content\/plugins\/wp-user-avatar\/deprecated\/wp-user-avatar\/images\/wpua-96x96.png","url":"https:\/\/www.spdkoelnnord.de\/wp-content\/plugins\/wp-user-avatar\/deprecated\/wp-user-avatar\/images\/wpua-96x96.png","height":96,"width":96}},"publisher":{"@type":"Organization","name":"SPD im K\u00f6lner Norden","logo":{"@type":"ImageObject","@id":"https:\/\/www.spdkoelnnord.de\/wp-content\/uploads\/2019\/10\/cropped-logo_ko\u0308lnspd.jpg","url":"https:\/\/www.spdkoelnnord.de\/wp-content\/uploads\/2019\/10\/cropped-logo_ko\u0308lnspd.jpg","width":null,"height":null}},"image":{"@type":"ImageObject","@id":"https:\/\/www.spdkoelnnord.de\/wp-content\/uploads\/2024\/02\/logo_koelnspd.png","url":"https:\/\/www.spdkoelnnord.de\/wp-content\/uploads\/2024\/02\/logo_koelnspd.png","width":945,"height":945},"wordCount":566,"keywords":["bildern","bruckenchaos","Hendrik W\u00fcst","L\u00fcdenscheid","schwarz","Talbr\u00fccke Rahmede"]},{"@type":"BlogPosting","@id":"https:\/\/www.spdkoelnnord.de\/abi-chaos-mitten-in-der-bildungskatastrophe-ein-jahr-schwarz-gruen-in-bildern\/","headline":"Abi-Chaos mitten in der Bildungskatastrophe: Ein Jahr Schwarz-Gr\u00fcn in Bildern","url":"https:\/\/www.spdkoelnnord.de\/abi-chaos-mitten-in-der-bildungskatastrophe-ein-jahr-schwarz-gruen-in-bildern\/","datePublished":"2023-06-13","dateModified":"2023-06-13","mainEntityOfPage":"https:\/\/www.spdkoelnnord.de\/abi-chaos-mitten-in-der-bildungskatastrophe-ein-jahr-schwarz-gruen-in-bildern\/","author":{"@type":"Person","@id":"https:\/\/www.spdkoelnnord.de\/author\/nrwspd-fraktion\/#Person","name":"NRWSPD Fraktion","url":"https:\/\/www.spdkoelnnord.de\/author\/nrwspd-fraktion\/","identifier":324,"image":{"@type":"ImageObject","@id":"https:\/\/www.spdkoelnnord.de\/wp-content\/plugins\/wp-user-avatar\/deprecated\/wp-user-avatar\/images\/wpua-96x96.png","url":"https:\/\/www.spdkoelnnord.de\/wp-content\/plugins\/wp-user-avatar\/deprecated\/wp-user-avatar\/images\/wpua-96x96.png","height":96,"width":96}},"publisher":{"@type":"Organization","name":"SPD im K\u00f6lner Norden","logo":{"@type":"ImageObject","@id":"https:\/\/www.spdkoelnnord.de\/wp-content\/uploads\/2019\/10\/cropped-logo_ko\u0308lnspd.jpg","url":"https:\/\/www.spdkoelnnord.de\/wp-content\/uploads\/2019\/10\/cropped-logo_ko\u0308lnspd.jpg","width":null,"height":null}},"image":{"@type":"ImageObject","@id":"https:\/\/www.spdkoelnnord.de\/wp-content\/uploads\/2024\/02\/logo_koelnspd.png","url":"https:\/\/www.spdkoelnnord.de\/wp-content\/uploads\/2024\/02\/logo_koelnspd.png","width":945,"height":945},"wordCount":613,"keywords":["bildern","bildungskatastrophe","chaos","Dorothee Feller","Fest des Fastenbrechens","Investitionsstau","mitten","schwarz","Soziale Medien"]},{"@type":"BlogPosting","@id":"https:\/\/www.spdkoelnnord.de\/steigende-mieten-und-hohe-beitraege-ein-jahr-schwarz-gruen-in-bildern\/","headline":"Steigende Mieten und hohe Beitr\u00e4ge: Ein Jahr Schwarz-Gr\u00fcn in Bildern","url":"https:\/\/www.spdkoelnnord.de\/steigende-mieten-und-hohe-beitraege-ein-jahr-schwarz-gruen-in-bildern\/","datePublished":"2023-06-13","dateModified":"2023-06-13","mainEntityOfPage":"https:\/\/www.spdkoelnnord.de\/steigende-mieten-und-hohe-beitraege-ein-jahr-schwarz-gruen-in-bildern\/","author":{"@type":"Person","@id":"https:\/\/www.spdkoelnnord.de\/author\/nrwspd-fraktion\/#Person","name":"NRWSPD Fraktion","url":"https:\/\/www.spdkoelnnord.de\/author\/nrwspd-fraktion\/","identifier":324,"image":{"@type":"ImageObject","@id":"https:\/\/www.spdkoelnnord.de\/wp-content\/plugins\/wp-user-avatar\/deprecated\/wp-user-avatar\/images\/wpua-96x96.png","url":"https:\/\/www.spdkoelnnord.de\/wp-content\/plugins\/wp-user-avatar\/deprecated\/wp-user-avatar\/images\/wpua-96x96.png","height":96,"width":96}},"publisher":{"@type":"Organization","name":"SPD im K\u00f6lner Norden","logo":{"@type":"ImageObject","@id":"https:\/\/www.spdkoelnnord.de\/wp-content\/uploads\/2019\/10\/cropped-logo_ko\u0308lnspd.jpg","url":"https:\/\/www.spdkoelnnord.de\/wp-content\/uploads\/2019\/10\/cropped-logo_ko\u0308lnspd.jpg","width":null,"height":null}},"image":{"@type":"ImageObject","@id":"https:\/\/www.spdkoelnnord.de\/wp-content\/uploads\/2024\/02\/logo_koelnspd.png","url":"https:\/\/www.spdkoelnnord.de\/wp-content\/uploads\/2024\/02\/logo_koelnspd.png","width":945,"height":945},"wordCount":609,"keywords":["beitrage","bildern","mieten","schwarz","steigende"]},{"@type":"BlogPosting","@id":"https:\/\/www.spdkoelnnord.de\/und-die-kriminalitaet-steigt-ein-jahr-schwarz-gruen-in-bildern\/","headline":"Und die Kriminalit\u00e4t steigt: Ein Jahr Schwarz-Gr\u00fcn in Bildern","url":"https:\/\/www.spdkoelnnord.de\/und-die-kriminalitaet-steigt-ein-jahr-schwarz-gruen-in-bildern\/","datePublished":"2023-06-13","dateModified":"2023-06-13","mainEntityOfPage":"https:\/\/www.spdkoelnnord.de\/und-die-kriminalitaet-steigt-ein-jahr-schwarz-gruen-in-bildern\/","author":{"@type":"Person","@id":"https:\/\/www.spdkoelnnord.de\/author\/nrwspd-fraktion\/#Person","name":"NRWSPD Fraktion","url":"https:\/\/www.spdkoelnnord.de\/author\/nrwspd-fraktion\/","identifier":324,"image":{"@type":"ImageObject","@id":"https:\/\/www.spdkoelnnord.de\/wp-content\/plugins\/wp-user-avatar\/deprecated\/wp-user-avatar\/images\/wpua-96x96.png","url":"https:\/\/www.spdkoelnnord.de\/wp-content\/plugins\/wp-user-avatar\/deprecated\/wp-user-avatar\/images\/wpua-96x96.png","height":96,"width":96}},"publisher":{"@type":"Organization","name":"SPD im K\u00f6lner Norden","logo":{"@type":"ImageObject","@id":"https:\/\/www.spdkoelnnord.de\/wp-content\/uploads\/2019\/10\/cropped-logo_ko\u0308lnspd.jpg","url":"https:\/\/www.spdkoelnnord.de\/wp-content\/uploads\/2019\/10\/cropped-logo_ko\u0308lnspd.jpg","width":null,"height":null}},"image":{"@type":"ImageObject","@id":"https:\/\/www.spdkoelnnord.de\/wp-content\/uploads\/2024\/02\/logo_koelnspd.png","url":"https:\/\/www.spdkoelnnord.de\/wp-content\/uploads\/2024\/02\/logo_koelnspd.png","width":945,"height":945},"wordCount":319,"keywords":["bildern","kriminalitat","schwarz","steigt"]},{"@type":"BlogPosting","@id":"https:\/\/www.spdkoelnnord.de\/existenz-des-grossmarkts-sichern\/","headline":"Existenz des Gro\u00dfmarkts sichern","url":"https:\/\/www.spdkoelnnord.de\/existenz-des-grossmarkts-sichern\/","datePublished":"2023-06-13","dateModified":"2024-03-15","mainEntityOfPage":"https:\/\/www.spdkoelnnord.de\/existenz-des-grossmarkts-sichern\/","author":{"@type":"Person","@id":"https:\/\/www.spdkoelnnord.de\/author\/koelnspd\/#Person","name":"K\u00f6lnSPD","url":"https:\/\/www.spdkoelnnord.de\/author\/koelnspd\/","identifier":11,"description":"SPD-Unterbezirk K\u00f6ln\r\nMagnusstra\u00dfe 18 b\r\n50672 K\u00f6ln\r\nTel: 0221 \/ 92 59 81-0","image":{"@type":"ImageObject","@id":"https:\/\/www.spdkoelnnord.de\/wp-content\/plugins\/wp-user-avatar\/deprecated\/wp-user-avatar\/images\/wpua-96x96.png","url":"https:\/\/www.spdkoelnnord.de\/wp-content\/plugins\/wp-user-avatar\/deprecated\/wp-user-avatar\/images\/wpua-96x96.png","height":96,"width":96}},"publisher":{"@type":"Organization","name":"SPD im K\u00f6lner Norden","logo":{"@type":"ImageObject","@id":"https:\/\/www.spdkoelnnord.de\/wp-content\/uploads\/2019\/10\/cropped-logo_ko\u0308lnspd.jpg","url":"https:\/\/www.spdkoelnnord.de\/wp-content\/uploads\/2019\/10\/cropped-logo_ko\u0308lnspd.jpg","width":null,"height":null}},"image":{"@type":"ImageObject","@id":"https:\/\/www.spdkoelnnord.de\/wp-content\/uploads\/2025\/02\/spd-verschwommen.jpg","url":"https:\/\/www.spdkoelnnord.de\/wp-content\/uploads\/2025\/02\/spd-verschwommen.jpg","height":675,"width":1200},"wordCount":574,"keywords":["existenz","markts","sichern"]},{"@type":"BlogPosting","@id":"https:\/\/www.spdkoelnnord.de\/gemeinsame-vorstandssitzung-gruene-koeln-und-koelnspd-am-7-juni-2023\/","headline":"Gemeinsame Vorstandssitzung Gr\u00fcne K\u00f6ln und K\u00f6lnSPD am 7. Juni 2023","url":"https:\/\/www.spdkoelnnord.de\/gemeinsame-vorstandssitzung-gruene-koeln-und-koelnspd-am-7-juni-2023\/","datePublished":"2023-06-12","dateModified":"2023-06-12","mainEntityOfPage":"https:\/\/www.spdkoelnnord.de\/gemeinsame-vorstandssitzung-gruene-koeln-und-koelnspd-am-7-juni-2023\/","author":{"@type":"Person","@id":"https:\/\/www.spdkoelnnord.de\/author\/koelnspd\/#Person","name":"K\u00f6lnSPD","url":"https:\/\/www.spdkoelnnord.de\/author\/koelnspd\/","identifier":11,"description":"SPD-Unterbezirk K\u00f6ln\r\nMagnusstra\u00dfe 18 b\r\n50672 K\u00f6ln\r\nTel: 0221 \/ 92 59 81-0","image":{"@type":"ImageObject","@id":"https:\/\/www.spdkoelnnord.de\/wp-content\/plugins\/wp-user-avatar\/deprecated\/wp-user-avatar\/images\/wpua-96x96.png","url":"https:\/\/www.spdkoelnnord.de\/wp-content\/plugins\/wp-user-avatar\/deprecated\/wp-user-avatar\/images\/wpua-96x96.png","height":96,"width":96}},"publisher":{"@type":"Organization","name":"SPD im K\u00f6lner Norden","logo":{"@type":"ImageObject","@id":"https:\/\/www.spdkoelnnord.de\/wp-content\/uploads\/2019\/10\/cropped-logo_ko\u0308lnspd.jpg","url":"https:\/\/www.spdkoelnnord.de\/wp-content\/uploads\/2019\/10\/cropped-logo_ko\u0308lnspd.jpg","width":null,"height":null}},"image":{"@type":"ImageObject","@id":"https:\/\/www.spdkoelnnord.de\/wp-content\/uploads\/2025\/02\/spd-verschwommen.jpg","url":"https:\/\/www.spdkoelnnord.de\/wp-content\/uploads\/2025\/02\/spd-verschwommen.jpg","height":675,"width":1200},"wordCount":263,"keywords":["B\u00fcndnis 90\/Die Gr\u00fcnen","Ebertplatz","gemeinsame","grune","K\u00f6ln","kolnspd","Kulturkampf","Verkehrspolitik","Verkehrswende","vorstandssitzung"]},{"@type":"BlogPosting","@id":"https:\/\/www.spdkoelnnord.de\/fern-jeder-realitaet-minister-laumann-relativiert-drohenden-kollaps-der-sozialen-infrastruktur\/","headline":"Fern jeder Realit\u00e4t: Minister Laumann relativiert drohenden Kollaps der sozialen Infrastruktur","url":"https:\/\/www.spdkoelnnord.de\/fern-jeder-realitaet-minister-laumann-relativiert-drohenden-kollaps-der-sozialen-infrastruktur\/","datePublished":"2023-06-09","dateModified":"2023-06-09","mainEntityOfPage":"https:\/\/www.spdkoelnnord.de\/fern-jeder-realitaet-minister-laumann-relativiert-drohenden-kollaps-der-sozialen-infrastruktur\/","author":{"@type":"Person","@id":"https:\/\/www.spdkoelnnord.de\/author\/lena_teschlade\/#Person","name":"Lena Teschlade","url":"https:\/\/www.spdkoelnnord.de\/author\/lena_teschlade\/","identifier":431,"image":{"@type":"ImageObject","@id":"https:\/\/www.spdkoelnnord.de\/wp-content\/uploads\/2024\/02\/Screenshot-2024-02-26-at-20-07-59-Lena_Teschlade.avif-AVIF-Grafik-500-\u00d7-500-Pixel-150x150.png","url":"https:\/\/www.spdkoelnnord.de\/wp-content\/uploads\/2024\/02\/Screenshot-2024-02-26-at-20-07-59-Lena_Teschlade.avif-AVIF-Grafik-500-\u00d7-500-Pixel-150x150.png","height":96,"width":96}},"publisher":{"@type":"Organization","name":"SPD im K\u00f6lner Norden","logo":{"@type":"ImageObject","@id":"https:\/\/www.spdkoelnnord.de\/wp-content\/uploads\/2019\/10\/cropped-logo_ko\u0308lnspd.jpg","url":"https:\/\/www.spdkoelnnord.de\/wp-content\/uploads\/2019\/10\/cropped-logo_ko\u0308lnspd.jpg","width":null,"height":null}},"image":{"@type":"ImageObject","@id":"https:\/\/www.spdkoelnnord.de\/wp-content\/uploads\/2024\/02\/logo_koelnspd.png","url":"https:\/\/www.spdkoelnnord.de\/wp-content\/uploads\/2024\/02\/logo_koelnspd.png","width":945,"height":945},"wordCount":265,"keywords":["drohenden","jeder","laumann","minister","realitat","relativiert"]}]},{"@context":"https:\/\/schema.org","@type":"WebSite","@id":"https:\/\/www.spdkoelnnord.de\/#website","name":"Die SPD im K\u00f6lner Norden","url":"https:\/\/www.spdkoelnnord.de","potentialAction":{"@type":"SearchAction","target":"https:\/\/www.spdkoelnnord.de\/?s={search_term_string}","query-input":"required name=search_term_string"}}]