[{"@context":"https:\/\/schema.org\/","@type":"Blog","@id":"https:\/\/www.spdkoelnnord.de#Blog","headline":"Die SPD im K\u00f6lner Norden","description":"Die SPD im Stadtbezirk K\u00f6ln - Chorweiler","url":"https:\/\/www.spdkoelnnord.de","blogPost":[{"@type":"BlogPosting","@id":"https:\/\/www.spdkoelnnord.de\/breite-unterstuetzung-fuer-die-kindergrundsicherung\/","headline":"Breite Unterst\u00fctzung f\u00fcr die Kindergrundsicherung","url":"https:\/\/www.spdkoelnnord.de\/breite-unterstuetzung-fuer-die-kindergrundsicherung\/","datePublished":"2023-05-26","dateModified":"2023-05-26","mainEntityOfPage":"https:\/\/www.spdkoelnnord.de\/breite-unterstuetzung-fuer-die-kindergrundsicherung\/","author":{"@type":"Person","@id":"https:\/\/www.spdkoelnnord.de\/author\/spdbundestagsfraktion\/#Person","name":"Bundestagsfraktion","url":"https:\/\/www.spdkoelnnord.de\/author\/spdbundestagsfraktion\/","identifier":325,"image":{"@type":"ImageObject","@id":"https:\/\/www.spdkoelnnord.de\/wp-content\/plugins\/wp-user-avatar\/deprecated\/wp-user-avatar\/images\/wpua-96x96.png","url":"https:\/\/www.spdkoelnnord.de\/wp-content\/plugins\/wp-user-avatar\/deprecated\/wp-user-avatar\/images\/wpua-96x96.png","height":96,"width":96}},"publisher":{"@type":"Organization","name":"SPD im K\u00f6lner Norden","logo":{"@type":"ImageObject","@id":"https:\/\/www.spdkoelnnord.de\/wp-content\/uploads\/2019\/10\/cropped-logo_ko\u0308lnspd.jpg","url":"https:\/\/www.spdkoelnnord.de\/wp-content\/uploads\/2019\/10\/cropped-logo_ko\u0308lnspd.jpg","width":null,"height":null}},"image":{"@type":"ImageObject","@id":"https:\/\/www.spdkoelnnord.de\/wp-content\/uploads\/2025\/02\/spd-verschwommen.jpg","url":"https:\/\/www.spdkoelnnord.de\/wp-content\/uploads\/2025\/02\/spd-verschwommen.jpg","height":675,"width":1200},"wordCount":63,"keywords":["breite","Bundesministerium f\u00fcr Familie, Senioren, Frauen und Jugend","Familienpolitik","Kinderarmut in den Industriel\u00e4ndern","kindergrundsicherung","Koalitionsvertrag","unterstutzung"]},{"@type":"BlogPosting","@id":"https:\/\/www.spdkoelnnord.de\/kurz-vor-neuem-reviervertrag-landesregierung-hat-zukunftsfragen-fuer-das-rheinische-revier-nicht-geklaert\/","headline":"Kurz vor neuem Reviervertrag: Landesregierung hat Zukunftsfragen f\u00fcr das Rheinische Revier nicht gekl\u00e4rt","url":"https:\/\/www.spdkoelnnord.de\/kurz-vor-neuem-reviervertrag-landesregierung-hat-zukunftsfragen-fuer-das-rheinische-revier-nicht-geklaert\/","datePublished":"2023-05-26","dateModified":"2023-05-26","mainEntityOfPage":"https:\/\/www.spdkoelnnord.de\/kurz-vor-neuem-reviervertrag-landesregierung-hat-zukunftsfragen-fuer-das-rheinische-revier-nicht-geklaert\/","author":{"@type":"Person","@id":"https:\/\/www.spdkoelnnord.de\/author\/lena_teschlade\/#Person","name":"Lena Teschlade","url":"https:\/\/www.spdkoelnnord.de\/author\/lena_teschlade\/","identifier":431,"image":{"@type":"ImageObject","@id":"https:\/\/www.spdkoelnnord.de\/wp-content\/uploads\/2024\/02\/Screenshot-2024-02-26-at-20-07-59-Lena_Teschlade.avif-AVIF-Grafik-500-\u00d7-500-Pixel-150x150.png","url":"https:\/\/www.spdkoelnnord.de\/wp-content\/uploads\/2024\/02\/Screenshot-2024-02-26-at-20-07-59-Lena_Teschlade.avif-AVIF-Grafik-500-\u00d7-500-Pixel-150x150.png","height":96,"width":96}},"publisher":{"@type":"Organization","name":"SPD im K\u00f6lner Norden","logo":{"@type":"ImageObject","@id":"https:\/\/www.spdkoelnnord.de\/wp-content\/uploads\/2019\/10\/cropped-logo_ko\u0308lnspd.jpg","url":"https:\/\/www.spdkoelnnord.de\/wp-content\/uploads\/2019\/10\/cropped-logo_ko\u0308lnspd.jpg","width":null,"height":null}},"image":{"@type":"ImageObject","@id":"https:\/\/www.spdkoelnnord.de\/wp-content\/uploads\/2025\/02\/spd-verschwommen.jpg","url":"https:\/\/www.spdkoelnnord.de\/wp-content\/uploads\/2025\/02\/spd-verschwommen.jpg","height":675,"width":1200},"wordCount":316,"keywords":["B\u00fcndnis 90\/Die Gr\u00fcnen","Elektrizit\u00e4t","energie","Energiesicherheit","Erneuerbare Energien","industrie","kohleausstieg","K\u00f6ln","landesregierung","Lena Teschlade","neuem","revier","reviervertrag","rheinische","Rheinisches Braunkohlerevier","Tamtam","Unternehmen","Windenergie","zukunftsfragen"]},{"@type":"BlogPosting","@id":"https:\/\/www.spdkoelnnord.de\/aktuelle-stunde-armutsbetroffene-menschen-brauchen-jetzt-unterstuetzung\/","headline":"Aktuelle Stunde: Armutsbetroffene Menschen brauchen jetzt Unterst\u00fctzung","url":"https:\/\/www.spdkoelnnord.de\/aktuelle-stunde-armutsbetroffene-menschen-brauchen-jetzt-unterstuetzung\/","datePublished":"2023-05-26","dateModified":"2023-05-26","mainEntityOfPage":"https:\/\/www.spdkoelnnord.de\/aktuelle-stunde-armutsbetroffene-menschen-brauchen-jetzt-unterstuetzung\/","author":{"@type":"Person","@id":"https:\/\/www.spdkoelnnord.de\/author\/lena_teschlade\/#Person","name":"Lena Teschlade","url":"https:\/\/www.spdkoelnnord.de\/author\/lena_teschlade\/","identifier":431,"image":{"@type":"ImageObject","@id":"https:\/\/www.spdkoelnnord.de\/wp-content\/uploads\/2024\/02\/Screenshot-2024-02-26-at-20-07-59-Lena_Teschlade.avif-AVIF-Grafik-500-\u00d7-500-Pixel-150x150.png","url":"https:\/\/www.spdkoelnnord.de\/wp-content\/uploads\/2024\/02\/Screenshot-2024-02-26-at-20-07-59-Lena_Teschlade.avif-AVIF-Grafik-500-\u00d7-500-Pixel-150x150.png","height":96,"width":96}},"publisher":{"@type":"Organization","name":"SPD im K\u00f6lner Norden","logo":{"@type":"ImageObject","@id":"https:\/\/www.spdkoelnnord.de\/wp-content\/uploads\/2019\/10\/cropped-logo_ko\u0308lnspd.jpg","url":"https:\/\/www.spdkoelnnord.de\/wp-content\/uploads\/2019\/10\/cropped-logo_ko\u0308lnspd.jpg","width":null,"height":null}},"image":{"@type":"ImageObject","@id":"https:\/\/www.spdkoelnnord.de\/wp-content\/uploads\/2024\/02\/logo_koelnspd.png","url":"https:\/\/www.spdkoelnnord.de\/wp-content\/uploads\/2024\/02\/logo_koelnspd.png","width":945,"height":945},"wordCount":377,"keywords":["aktuelle","armutsbetroffene","brauchen","jetzt","menschen","stunde"]},{"@type":"BlogPosting","@id":"https:\/\/www.spdkoelnnord.de\/30-jahre-solingen\/","headline":"30 Jahre Solingen","url":"https:\/\/www.spdkoelnnord.de\/30-jahre-solingen\/","datePublished":"2023-05-26","dateModified":"2023-05-26","mainEntityOfPage":"https:\/\/www.spdkoelnnord.de\/30-jahre-solingen\/","author":{"@type":"Person","@id":"https:\/\/www.spdkoelnnord.de\/author\/ott\/#Person","name":"Jochen Ott","url":"https:\/\/www.spdkoelnnord.de\/author\/ott\/","identifier":344,"image":{"@type":"ImageObject","@id":"https:\/\/www.spdkoelnnord.de\/wp-content\/plugins\/wp-user-avatar\/deprecated\/wp-user-avatar\/images\/wpua-96x96.png","url":"https:\/\/www.spdkoelnnord.de\/wp-content\/plugins\/wp-user-avatar\/deprecated\/wp-user-avatar\/images\/wpua-96x96.png","height":96,"width":96}},"publisher":{"@type":"Organization","name":"SPD im K\u00f6lner Norden","logo":{"@type":"ImageObject","@id":"https:\/\/www.spdkoelnnord.de\/wp-content\/uploads\/2019\/10\/cropped-logo_ko\u0308lnspd.jpg","url":"https:\/\/www.spdkoelnnord.de\/wp-content\/uploads\/2019\/10\/cropped-logo_ko\u0308lnspd.jpg","width":null,"height":null}},"image":{"@type":"ImageObject","@id":"https:\/\/www.spdkoelnnord.de\/wp-content\/uploads\/2024\/02\/logo_koelnspd.png","url":"https:\/\/www.spdkoelnnord.de\/wp-content\/uploads\/2024\/02\/logo_koelnspd.png","width":945,"height":945},"wordCount":345,"keywords":["jahre","solingen"]},{"@type":"BlogPosting","@id":"https:\/\/www.spdkoelnnord.de\/enquete-kommission-chancengleichheit\/","headline":"Enquete-Kommission \u201eChancengleichheit\u201c","url":"https:\/\/www.spdkoelnnord.de\/enquete-kommission-chancengleichheit\/","datePublished":"2023-05-26","dateModified":"2023-05-26","mainEntityOfPage":"https:\/\/www.spdkoelnnord.de\/enquete-kommission-chancengleichheit\/","author":{"@type":"Person","@id":"https:\/\/www.spdkoelnnord.de\/author\/ott\/#Person","name":"Jochen Ott","url":"https:\/\/www.spdkoelnnord.de\/author\/ott\/","identifier":344,"image":{"@type":"ImageObject","@id":"https:\/\/www.spdkoelnnord.de\/wp-content\/plugins\/wp-user-avatar\/deprecated\/wp-user-avatar\/images\/wpua-96x96.png","url":"https:\/\/www.spdkoelnnord.de\/wp-content\/plugins\/wp-user-avatar\/deprecated\/wp-user-avatar\/images\/wpua-96x96.png","height":96,"width":96}},"publisher":{"@type":"Organization","name":"SPD im K\u00f6lner Norden","logo":{"@type":"ImageObject","@id":"https:\/\/www.spdkoelnnord.de\/wp-content\/uploads\/2019\/10\/cropped-logo_ko\u0308lnspd.jpg","url":"https:\/\/www.spdkoelnnord.de\/wp-content\/uploads\/2019\/10\/cropped-logo_ko\u0308lnspd.jpg","width":null,"height":null}},"image":{"@type":"ImageObject","@id":"https:\/\/www.spdkoelnnord.de\/wp-content\/uploads\/2025\/02\/spd-verschwommen.jpg","url":"https:\/\/www.spdkoelnnord.de\/wp-content\/uploads\/2025\/02\/spd-verschwommen.jpg","height":675,"width":1200},"wordCount":430,"keywords":["bildung","Bildungsbenachteiligung","bildungssystem","chancengerechtigkeit","chancengleichheit","Empirie","enquete","Enquete-Kommission","familie","Grundschule","Kindheit","kommission","Schulf\u00e4higkeit","Wissenschaft"]},{"@type":"BlogPosting","@id":"https:\/\/www.spdkoelnnord.de\/jochen-ott-neuer-fraktionsvorsitzender-der-spd-landtagsfraktion-nrw\/","headline":"Jochen Ott neuer Fraktionsvorsitzender der SPD-Landtagsfraktion NRW","url":"https:\/\/www.spdkoelnnord.de\/jochen-ott-neuer-fraktionsvorsitzender-der-spd-landtagsfraktion-nrw\/","datePublished":"2023-05-25","dateModified":"2023-05-25","mainEntityOfPage":"https:\/\/www.spdkoelnnord.de\/jochen-ott-neuer-fraktionsvorsitzender-der-spd-landtagsfraktion-nrw\/","author":{"@type":"Person","@id":"https:\/\/www.spdkoelnnord.de\/author\/bezirk_mitthelrhein\/#Person","name":"Bezirk Mittelrhein","url":"https:\/\/www.spdkoelnnord.de\/author\/bezirk_mitthelrhein\/","identifier":1226,"description":"Zur rheinischen Region geh\u00f6ren die St\u00e4dte K\u00f6ln, Bonn, Aachen und Leverkusen, die St\u00e4dteRegion Aachen sowie die Kreise D\u00fcren, Euskirchen, Rhein-Sieg, Rhein-Erft, Rhein-Berg, Heinsberg und Oberberg.\r\n\r\nAuf dieser Seite finden Sie Informationen aus der Arbeit des SPD-Bezirks und Informationen zu Ihren Abgeordneten in Bund, Land und Europa.","image":{"@type":"ImageObject","@id":"https:\/\/www.spdkoelnnord.de\/wp-content\/plugins\/wp-user-avatar\/deprecated\/wp-user-avatar\/images\/wpua-96x96.png","url":"https:\/\/www.spdkoelnnord.de\/wp-content\/plugins\/wp-user-avatar\/deprecated\/wp-user-avatar\/images\/wpua-96x96.png","height":96,"width":96}},"publisher":{"@type":"Organization","name":"SPD im K\u00f6lner Norden","logo":{"@type":"ImageObject","@id":"https:\/\/www.spdkoelnnord.de\/wp-content\/uploads\/2019\/10\/cropped-logo_ko\u0308lnspd.jpg","url":"https:\/\/www.spdkoelnnord.de\/wp-content\/uploads\/2019\/10\/cropped-logo_ko\u0308lnspd.jpg","width":null,"height":null}},"image":{"@type":"ImageObject","@id":"https:\/\/www.spdkoelnnord.de\/wp-content\/uploads\/2025\/02\/spd-verschwommen.jpg","url":"https:\/\/www.spdkoelnnord.de\/wp-content\/uploads\/2025\/02\/spd-verschwommen.jpg","height":675,"width":1200},"wordCount":211,"keywords":["fraktionsvorsitzender","jochen","landtagsfraktion","neuer"]},{"@type":"BlogPosting","@id":"https:\/\/www.spdkoelnnord.de\/mehr-digitalisierung-und-serviceorientierung-fuer-buergerinnen-und-buerger\/","headline":"Mehr Digitalisierung und Serviceorientierung f\u00fcr B\u00fcrgerinnen und B\u00fcrger","url":"https:\/\/www.spdkoelnnord.de\/mehr-digitalisierung-und-serviceorientierung-fuer-buergerinnen-und-buerger\/","datePublished":"2023-05-24","dateModified":"2023-05-24","mainEntityOfPage":"https:\/\/www.spdkoelnnord.de\/mehr-digitalisierung-und-serviceorientierung-fuer-buergerinnen-und-buerger\/","author":{"@type":"Person","@id":"https:\/\/www.spdkoelnnord.de\/author\/spdbundestagsfraktion\/#Person","name":"Bundestagsfraktion","url":"https:\/\/www.spdkoelnnord.de\/author\/spdbundestagsfraktion\/","identifier":325,"image":{"@type":"ImageObject","@id":"https:\/\/www.spdkoelnnord.de\/wp-content\/plugins\/wp-user-avatar\/deprecated\/wp-user-avatar\/images\/wpua-96x96.png","url":"https:\/\/www.spdkoelnnord.de\/wp-content\/plugins\/wp-user-avatar\/deprecated\/wp-user-avatar\/images\/wpua-96x96.png","height":96,"width":96}},"publisher":{"@type":"Organization","name":"SPD im K\u00f6lner Norden","logo":{"@type":"ImageObject","@id":"https:\/\/www.spdkoelnnord.de\/wp-content\/uploads\/2019\/10\/cropped-logo_ko\u0308lnspd.jpg","url":"https:\/\/www.spdkoelnnord.de\/wp-content\/uploads\/2019\/10\/cropped-logo_ko\u0308lnspd.jpg","width":null,"height":null}},"image":{"@type":"ImageObject","@id":"https:\/\/www.spdkoelnnord.de\/wp-content\/uploads\/2025\/02\/spd-verschwommen.jpg","url":"https:\/\/www.spdkoelnnord.de\/wp-content\/uploads\/2025\/02\/spd-verschwommen.jpg","height":675,"width":1200},"wordCount":58,"keywords":["burger","Burgergemeinde Bern","burgerinnen","digitalisierung","Dunja Kreiser","Onlinezugangsgesetz","Robin Mesarosch","serviceorientierung"]}]},{"@context":"https:\/\/schema.org","@type":"WebSite","@id":"https:\/\/www.spdkoelnnord.de\/#website","name":"Die SPD im K\u00f6lner Norden","url":"https:\/\/www.spdkoelnnord.de","potentialAction":{"@type":"SearchAction","target":"https:\/\/www.spdkoelnnord.de\/?s={search_term_string}","query-input":"required name=search_term_string"}}]