[{"@context":"https:\/\/schema.org\/","@type":"Blog","@id":"https:\/\/www.spdkoelnnord.de#Blog","headline":"Die SPD im K\u00f6lner Norden","description":"Die SPD im Stadtbezirk K\u00f6ln - Chorweiler","url":"https:\/\/www.spdkoelnnord.de","blogPost":[{"@type":"BlogPosting","@id":"https:\/\/www.spdkoelnnord.de\/beschluss-im-blindflug-oder-fundierte-zukunftsentscheidung\/","headline":"Beschluss im Blindflug oder fundierte Zukunftsentscheidung?","url":"https:\/\/www.spdkoelnnord.de\/beschluss-im-blindflug-oder-fundierte-zukunftsentscheidung\/","datePublished":"2023-05-05","dateModified":"2023-05-05","mainEntityOfPage":"https:\/\/www.spdkoelnnord.de\/beschluss-im-blindflug-oder-fundierte-zukunftsentscheidung\/","author":{"@type":"Person","@id":"https:\/\/www.spdkoelnnord.de\/author\/koelnspd\/#Person","name":"K\u00f6lnSPD","url":"https:\/\/www.spdkoelnnord.de\/author\/koelnspd\/","identifier":11,"description":"SPD-Unterbezirk K\u00f6ln\r\nMagnusstra\u00dfe 18 b\r\n50672 K\u00f6ln\r\nTel: 0221 \/ 92 59 81-0","image":{"@type":"ImageObject","@id":"https:\/\/www.spdkoelnnord.de\/wp-content\/plugins\/wp-user-avatar\/deprecated\/wp-user-avatar\/images\/wpua-96x96.png","url":"https:\/\/www.spdkoelnnord.de\/wp-content\/plugins\/wp-user-avatar\/deprecated\/wp-user-avatar\/images\/wpua-96x96.png","height":96,"width":96}},"publisher":{"@type":"Organization","name":"SPD im K\u00f6lner Norden","logo":{"@type":"ImageObject","@id":"https:\/\/www.spdkoelnnord.de\/wp-content\/uploads\/2019\/10\/cropped-logo_ko\u0308lnspd.jpg","url":"https:\/\/www.spdkoelnnord.de\/wp-content\/uploads\/2019\/10\/cropped-logo_ko\u0308lnspd.jpg","width":null,"height":null}},"image":{"@type":"ImageObject","@id":"https:\/\/www.spdkoelnnord.de\/wp-content\/uploads\/2025\/02\/spd-verschwommen.jpg","url":"https:\/\/www.spdkoelnnord.de\/wp-content\/uploads\/2025\/02\/spd-verschwommen.jpg","height":675,"width":1200},"wordCount":1142,"keywords":["beschluss","blindflug","Blindflugschule","Bundesministerium f\u00fcr Gesundheit (Deutschland)","Burgergemeinde Bern","Carolin Kirsch","chorweiler","Daseinsvorsorge","fundierte","Gesetzgebungsverfahren (Deutschland)","Gesundheitssystem","Holweide","Instrumentenflug","Jochen Ott","Karl Lauterbach","Kliniken der Stadt K\u00f6ln","K\u00f6ln","krankenhausfinanzierung","Lena Teschlade","Merheim","stadtrat","Volt Deutschland","wirtschaft","zukunftsentscheidung"]},{"@type":"BlogPosting","@id":"https:\/\/www.spdkoelnnord.de\/games-branche-braucht-planbarkeit-seitens-bmwk\/","headline":"Games-Branche braucht Planbarkeit seitens BMWK","url":"https:\/\/www.spdkoelnnord.de\/games-branche-braucht-planbarkeit-seitens-bmwk\/","datePublished":"2023-05-05","dateModified":"2023-05-05","mainEntityOfPage":"https:\/\/www.spdkoelnnord.de\/games-branche-braucht-planbarkeit-seitens-bmwk\/","author":{"@type":"Person","@id":"https:\/\/www.spdkoelnnord.de\/author\/spdbundestagsfraktion\/#Person","name":"Bundestagsfraktion","url":"https:\/\/www.spdkoelnnord.de\/author\/spdbundestagsfraktion\/","identifier":325,"image":{"@type":"ImageObject","@id":"https:\/\/www.spdkoelnnord.de\/wp-content\/plugins\/wp-user-avatar\/deprecated\/wp-user-avatar\/images\/wpua-96x96.png","url":"https:\/\/www.spdkoelnnord.de\/wp-content\/plugins\/wp-user-avatar\/deprecated\/wp-user-avatar\/images\/wpua-96x96.png","height":96,"width":96}},"publisher":{"@type":"Organization","name":"SPD im K\u00f6lner Norden","logo":{"@type":"ImageObject","@id":"https:\/\/www.spdkoelnnord.de\/wp-content\/uploads\/2019\/10\/cropped-logo_ko\u0308lnspd.jpg","url":"https:\/\/www.spdkoelnnord.de\/wp-content\/uploads\/2019\/10\/cropped-logo_ko\u0308lnspd.jpg","width":null,"height":null}},"image":{"@type":"ImageObject","@id":"https:\/\/www.spdkoelnnord.de\/wp-content\/uploads\/2024\/02\/logo_koelnspd.png","url":"https:\/\/www.spdkoelnnord.de\/wp-content\/uploads\/2024\/02\/logo_koelnspd.png","width":945,"height":945},"wordCount":130,"keywords":["branche","braucht","games","planbarkeit","seitens"]},{"@type":"BlogPosting","@id":"https:\/\/www.spdkoelnnord.de\/koeln-soll-modellstadt-fuer-cannabis-abgabe-werden\/","headline":"K\u00f6ln soll Modellstadt f\u00fcr Cannabis-Abgabe werden","url":"https:\/\/www.spdkoelnnord.de\/koeln-soll-modellstadt-fuer-cannabis-abgabe-werden\/","datePublished":"2023-05-05","dateModified":"2023-05-05","mainEntityOfPage":"https:\/\/www.spdkoelnnord.de\/koeln-soll-modellstadt-fuer-cannabis-abgabe-werden\/","author":{"@type":"Person","@id":"https:\/\/www.spdkoelnnord.de\/author\/koelnspd\/#Person","name":"K\u00f6lnSPD","url":"https:\/\/www.spdkoelnnord.de\/author\/koelnspd\/","identifier":11,"description":"SPD-Unterbezirk K\u00f6ln\r\nMagnusstra\u00dfe 18 b\r\n50672 K\u00f6ln\r\nTel: 0221 \/ 92 59 81-0","image":{"@type":"ImageObject","@id":"https:\/\/www.spdkoelnnord.de\/wp-content\/plugins\/wp-user-avatar\/deprecated\/wp-user-avatar\/images\/wpua-96x96.png","url":"https:\/\/www.spdkoelnnord.de\/wp-content\/plugins\/wp-user-avatar\/deprecated\/wp-user-avatar\/images\/wpua-96x96.png","height":96,"width":96}},"publisher":{"@type":"Organization","name":"SPD im K\u00f6lner Norden","logo":{"@type":"ImageObject","@id":"https:\/\/www.spdkoelnnord.de\/wp-content\/uploads\/2019\/10\/cropped-logo_ko\u0308lnspd.jpg","url":"https:\/\/www.spdkoelnnord.de\/wp-content\/uploads\/2019\/10\/cropped-logo_ko\u0308lnspd.jpg","width":null,"height":null}},"image":{"@type":"ImageObject","@id":"https:\/\/www.spdkoelnnord.de\/wp-content\/uploads\/2025\/02\/spd-verschwommen.jpg","url":"https:\/\/www.spdkoelnnord.de\/wp-content\/uploads\/2025\/02\/spd-verschwommen.jpg","height":675,"width":1200},"wordCount":308,"keywords":["abgabe","Bundesregierung (Deutschland)","cannabis","Cannabis als Rauschmittel","Drogenpolitik","Einzelmandatstr\u00e4ger","Entkriminalisierung","Fraktion (Politik)","Gesundheitsamt","Hanf","Jugendschutz","Karl Lauterbach","K\u00f6ln","modellstadt","werden"]},{"@type":"BlogPosting","@id":"https:\/\/www.spdkoelnnord.de\/themenwoche-respekt-prekaere-beschaeftigung-und-fachkraeftemangel\/","headline":"Themenwoche Respekt: Prek\u00e4re Besch\u00e4ftigung und Fachkr\u00e4ftemangel","url":"https:\/\/www.spdkoelnnord.de\/themenwoche-respekt-prekaere-beschaeftigung-und-fachkraeftemangel\/","datePublished":"2023-05-04","dateModified":"2023-05-04","mainEntityOfPage":"https:\/\/www.spdkoelnnord.de\/themenwoche-respekt-prekaere-beschaeftigung-und-fachkraeftemangel\/","author":{"@type":"Person","@id":"https:\/\/www.spdkoelnnord.de\/author\/lena_teschlade\/#Person","name":"Lena Teschlade","url":"https:\/\/www.spdkoelnnord.de\/author\/lena_teschlade\/","identifier":431,"image":{"@type":"ImageObject","@id":"https:\/\/www.spdkoelnnord.de\/wp-content\/uploads\/2024\/02\/Screenshot-2024-02-26-at-20-07-59-Lena_Teschlade.avif-AVIF-Grafik-500-\u00d7-500-Pixel-150x150.png","url":"https:\/\/www.spdkoelnnord.de\/wp-content\/uploads\/2024\/02\/Screenshot-2024-02-26-at-20-07-59-Lena_Teschlade.avif-AVIF-Grafik-500-\u00d7-500-Pixel-150x150.png","height":96,"width":96}},"publisher":{"@type":"Organization","name":"SPD im K\u00f6lner Norden","logo":{"@type":"ImageObject","@id":"https:\/\/www.spdkoelnnord.de\/wp-content\/uploads\/2019\/10\/cropped-logo_ko\u0308lnspd.jpg","url":"https:\/\/www.spdkoelnnord.de\/wp-content\/uploads\/2019\/10\/cropped-logo_ko\u0308lnspd.jpg","width":null,"height":null}},"image":{"@type":"ImageObject","@id":"https:\/\/www.spdkoelnnord.de\/wp-content\/uploads\/2024\/02\/logo_koelnspd.png","url":"https:\/\/www.spdkoelnnord.de\/wp-content\/uploads\/2024\/02\/logo_koelnspd.png","width":945,"height":945},"wordCount":404,"keywords":["beschaftigung","fachkraftemangel","prekare","respekt","themenwoche"]},{"@type":"BlogPosting","@id":"https:\/\/www.spdkoelnnord.de\/einsamkeit-wirksam-bekaempfen-angebote-zur-praevention-und-gegen-soziale-isolation-in-nrw-ausbauen\/","headline":"Einsamkeit wirksam bek\u00e4mpfen \u2013 Angebote zur Pr\u00e4vention und gegen soziale Isolation in NRW ausbauen!","url":"https:\/\/www.spdkoelnnord.de\/einsamkeit-wirksam-bekaempfen-angebote-zur-praevention-und-gegen-soziale-isolation-in-nrw-ausbauen\/","datePublished":"2023-05-04","dateModified":"2023-05-04","mainEntityOfPage":"https:\/\/www.spdkoelnnord.de\/einsamkeit-wirksam-bekaempfen-angebote-zur-praevention-und-gegen-soziale-isolation-in-nrw-ausbauen\/","author":{"@type":"Person","@id":"https:\/\/www.spdkoelnnord.de\/author\/lena_teschlade\/#Person","name":"Lena Teschlade","url":"https:\/\/www.spdkoelnnord.de\/author\/lena_teschlade\/","identifier":431,"image":{"@type":"ImageObject","@id":"https:\/\/www.spdkoelnnord.de\/wp-content\/uploads\/2024\/02\/Screenshot-2024-02-26-at-20-07-59-Lena_Teschlade.avif-AVIF-Grafik-500-\u00d7-500-Pixel-150x150.png","url":"https:\/\/www.spdkoelnnord.de\/wp-content\/uploads\/2024\/02\/Screenshot-2024-02-26-at-20-07-59-Lena_Teschlade.avif-AVIF-Grafik-500-\u00d7-500-Pixel-150x150.png","height":96,"width":96}},"publisher":{"@type":"Organization","name":"SPD im K\u00f6lner Norden","logo":{"@type":"ImageObject","@id":"https:\/\/www.spdkoelnnord.de\/wp-content\/uploads\/2019\/10\/cropped-logo_ko\u0308lnspd.jpg","url":"https:\/\/www.spdkoelnnord.de\/wp-content\/uploads\/2019\/10\/cropped-logo_ko\u0308lnspd.jpg","width":null,"height":null}},"image":{"@type":"ImageObject","@id":"https:\/\/www.spdkoelnnord.de\/wp-content\/uploads\/2024\/02\/logo_koelnspd.png","url":"https:\/\/www.spdkoelnnord.de\/wp-content\/uploads\/2024\/02\/logo_koelnspd.png","width":945,"height":945},"wordCount":493,"keywords":["angebote","bekampfen","einsamkeit","gegen","pravention","wirksam"]},{"@type":"BlogPosting","@id":"https:\/\/www.spdkoelnnord.de\/nrw-verliert-bei-beruflicher-bildung-an-boden-minister-laumann-wird-immer-mehr-zu-einem-rhetorik-minister\/","headline":"\u201eNRW verliert bei beruflicher Bildung an Boden \u2013 Minister Laumann wird immer mehr zu einem Rhetorik-Minister","url":"https:\/\/www.spdkoelnnord.de\/nrw-verliert-bei-beruflicher-bildung-an-boden-minister-laumann-wird-immer-mehr-zu-einem-rhetorik-minister\/","datePublished":"2023-05-04","dateModified":"2023-05-04","mainEntityOfPage":"https:\/\/www.spdkoelnnord.de\/nrw-verliert-bei-beruflicher-bildung-an-boden-minister-laumann-wird-immer-mehr-zu-einem-rhetorik-minister\/","author":{"@type":"Person","@id":"https:\/\/www.spdkoelnnord.de\/author\/lena_teschlade\/#Person","name":"Lena Teschlade","url":"https:\/\/www.spdkoelnnord.de\/author\/lena_teschlade\/","identifier":431,"image":{"@type":"ImageObject","@id":"https:\/\/www.spdkoelnnord.de\/wp-content\/uploads\/2024\/02\/Screenshot-2024-02-26-at-20-07-59-Lena_Teschlade.avif-AVIF-Grafik-500-\u00d7-500-Pixel-150x150.png","url":"https:\/\/www.spdkoelnnord.de\/wp-content\/uploads\/2024\/02\/Screenshot-2024-02-26-at-20-07-59-Lena_Teschlade.avif-AVIF-Grafik-500-\u00d7-500-Pixel-150x150.png","height":96,"width":96}},"publisher":{"@type":"Organization","name":"SPD im K\u00f6lner Norden","logo":{"@type":"ImageObject","@id":"https:\/\/www.spdkoelnnord.de\/wp-content\/uploads\/2019\/10\/cropped-logo_ko\u0308lnspd.jpg","url":"https:\/\/www.spdkoelnnord.de\/wp-content\/uploads\/2019\/10\/cropped-logo_ko\u0308lnspd.jpg","width":null,"height":null}},"image":{"@type":"ImageObject","@id":"https:\/\/www.spdkoelnnord.de\/wp-content\/uploads\/2024\/02\/logo_koelnspd.png","url":"https:\/\/www.spdkoelnnord.de\/wp-content\/uploads\/2024\/02\/logo_koelnspd.png","width":945,"height":945},"wordCount":269,"keywords":["beruflicher","bildung","boden","laumann","minister","verliert"]},{"@type":"BlogPosting","@id":"https:\/\/www.spdkoelnnord.de\/ungereimtheiten-haben-sich-aufgetuermt-aufklaerung-des-chaos-um-die-talbruecke-rahmede-beginnt\/","headline":"\u201eUngereimtheiten haben sich aufget\u00fcrmt\u201c \u2013 Aufkl\u00e4rung des Chaos um die Talbr\u00fccke Rahmede beginnt","url":"https:\/\/www.spdkoelnnord.de\/ungereimtheiten-haben-sich-aufgetuermt-aufklaerung-des-chaos-um-die-talbruecke-rahmede-beginnt\/","datePublished":"2023-05-04","dateModified":"2023-05-04","mainEntityOfPage":"https:\/\/www.spdkoelnnord.de\/ungereimtheiten-haben-sich-aufgetuermt-aufklaerung-des-chaos-um-die-talbruecke-rahmede-beginnt\/","author":{"@type":"Person","@id":"https:\/\/www.spdkoelnnord.de\/author\/nrwspd-fraktion\/#Person","name":"NRWSPD Fraktion","url":"https:\/\/www.spdkoelnnord.de\/author\/nrwspd-fraktion\/","identifier":324,"image":{"@type":"ImageObject","@id":"https:\/\/www.spdkoelnnord.de\/wp-content\/plugins\/wp-user-avatar\/deprecated\/wp-user-avatar\/images\/wpua-96x96.png","url":"https:\/\/www.spdkoelnnord.de\/wp-content\/plugins\/wp-user-avatar\/deprecated\/wp-user-avatar\/images\/wpua-96x96.png","height":96,"width":96}},"publisher":{"@type":"Organization","name":"SPD im K\u00f6lner Norden","logo":{"@type":"ImageObject","@id":"https:\/\/www.spdkoelnnord.de\/wp-content\/uploads\/2019\/10\/cropped-logo_ko\u0308lnspd.jpg","url":"https:\/\/www.spdkoelnnord.de\/wp-content\/uploads\/2019\/10\/cropped-logo_ko\u0308lnspd.jpg","width":null,"height":null}},"image":{"@type":"ImageObject","@id":"https:\/\/www.spdkoelnnord.de\/wp-content\/uploads\/2024\/02\/logo_koelnspd.png","url":"https:\/\/www.spdkoelnnord.de\/wp-content\/uploads\/2024\/02\/logo_koelnspd.png","width":945,"height":945},"wordCount":502,"keywords":["aufgeturmt","aufklarung","chaos","haben","talbrucke","ungereimtheiten"]}]},{"@context":"https:\/\/schema.org","@type":"WebSite","@id":"https:\/\/www.spdkoelnnord.de\/#website","name":"Die SPD im K\u00f6lner Norden","url":"https:\/\/www.spdkoelnnord.de","potentialAction":{"@type":"SearchAction","target":"https:\/\/www.spdkoelnnord.de\/?s={search_term_string}","query-input":"required name=search_term_string"}}]