[{"@context":"https:\/\/schema.org\/","@type":"Blog","@id":"https:\/\/www.spdkoelnnord.de#Blog","headline":"Die SPD im K\u00f6lner Norden","description":"Die SPD im Stadtbezirk K\u00f6ln - Chorweiler","url":"https:\/\/www.spdkoelnnord.de","blogPost":[{"@type":"BlogPosting","@id":"https:\/\/www.spdkoelnnord.de\/30-jahre-nach-dem-brandanschlag-von-solingen-antwort-auf-ausgrenzung-von-minderheiten-ist-die-staerkung-ihrer-zugehoerigkeit\/","headline":"30 Jahre nach dem Brandanschlag von Solingen \u2013 \u201eAntwort auf Ausgrenzung von Minderheiten ist die St\u00e4rkung ihrer Zugeh\u00f6rigkeit\u201c","url":"https:\/\/www.spdkoelnnord.de\/30-jahre-nach-dem-brandanschlag-von-solingen-antwort-auf-ausgrenzung-von-minderheiten-ist-die-staerkung-ihrer-zugehoerigkeit\/","datePublished":"2023-05-02","dateModified":"2024-03-15","mainEntityOfPage":"https:\/\/www.spdkoelnnord.de\/30-jahre-nach-dem-brandanschlag-von-solingen-antwort-auf-ausgrenzung-von-minderheiten-ist-die-staerkung-ihrer-zugehoerigkeit\/","author":{"@type":"Person","@id":"https:\/\/www.spdkoelnnord.de\/author\/nrwspd-fraktion\/#Person","name":"NRWSPD Fraktion","url":"https:\/\/www.spdkoelnnord.de\/author\/nrwspd-fraktion\/","identifier":324,"image":{"@type":"ImageObject","@id":"https:\/\/www.spdkoelnnord.de\/wp-content\/plugins\/wp-user-avatar\/deprecated\/wp-user-avatar\/images\/wpua-96x96.png","url":"https:\/\/www.spdkoelnnord.de\/wp-content\/plugins\/wp-user-avatar\/deprecated\/wp-user-avatar\/images\/wpua-96x96.png","height":96,"width":96}},"publisher":{"@type":"Organization","name":"SPD im K\u00f6lner Norden","logo":{"@type":"ImageObject","@id":"https:\/\/www.spdkoelnnord.de\/wp-content\/uploads\/2019\/10\/cropped-logo_ko\u0308lnspd.jpg","url":"https:\/\/www.spdkoelnnord.de\/wp-content\/uploads\/2019\/10\/cropped-logo_ko\u0308lnspd.jpg","width":null,"height":null}},"image":{"@type":"ImageObject","@id":"https:\/\/www.spdkoelnnord.de\/wp-content\/uploads\/2023\/05\/SPD-Landtag-02-05-021-1024x683-1.jpg","url":"https:\/\/www.spdkoelnnord.de\/wp-content\/uploads\/2023\/05\/SPD-Landtag-02-05-021-1024x683-1.jpg","height":"683","width":"1024"},"wordCount":673,"keywords":["antwort","ausgrenzung","brandanschlag","demokratie","Exklusion","Fraktion (Politik)","Fremdenfeindlichkeit","Halle (Saale)","Hanau","Informations- und Dokumentationszentrum f\u00fcr Antirassismusarbeit","jahre","Josef Neumann (Politiker, 1960)","Landesparlament","Landtag Nordrhein-Westfalen","Marginalisierung","Mehmet Kuba\u015f\u0131k","minderheiten","Mordanschlag von M\u00f6lln","Mordanschlag von Solingen","Mordfall Walter L\u00fcbcke","M\u00fcnchen","NS-Staat","Partizipation","Plenarsaal","Rassismus","rechtsextremismus","Reem Alabali-Radovan","solingen","Thomas Kutschaty","Volkan Baran","Ya\u015far Nuri \u00d6zt\u00fcrk","Zeitzeuge"]},{"@type":"BlogPosting","@id":"https:\/\/www.spdkoelnnord.de\/gema1nsam-geht-es-besser\/","headline":"geMA1nsam geht es besser","url":"https:\/\/www.spdkoelnnord.de\/gema1nsam-geht-es-besser\/","datePublished":"2023-05-01","dateModified":"2023-05-01","mainEntityOfPage":"https:\/\/www.spdkoelnnord.de\/gema1nsam-geht-es-besser\/","author":{"@type":"Person","@id":"https:\/\/www.spdkoelnnord.de\/author\/spdbundestagsfraktion\/#Person","name":"Bundestagsfraktion","url":"https:\/\/www.spdkoelnnord.de\/author\/spdbundestagsfraktion\/","identifier":325,"image":{"@type":"ImageObject","@id":"https:\/\/www.spdkoelnnord.de\/wp-content\/plugins\/wp-user-avatar\/deprecated\/wp-user-avatar\/images\/wpua-96x96.png","url":"https:\/\/www.spdkoelnnord.de\/wp-content\/plugins\/wp-user-avatar\/deprecated\/wp-user-avatar\/images\/wpua-96x96.png","height":96,"width":96}},"publisher":{"@type":"Organization","name":"SPD im K\u00f6lner Norden","logo":{"@type":"ImageObject","@id":"https:\/\/www.spdkoelnnord.de\/wp-content\/uploads\/2019\/10\/cropped-logo_ko\u0308lnspd.jpg","url":"https:\/\/www.spdkoelnnord.de\/wp-content\/uploads\/2019\/10\/cropped-logo_ko\u0308lnspd.jpg","width":null,"height":null}},"image":{"@type":"ImageObject","@id":"https:\/\/www.spdkoelnnord.de\/wp-content\/uploads\/2024\/02\/logo_koelnspd.png","url":"https:\/\/www.spdkoelnnord.de\/wp-content\/uploads\/2024\/02\/logo_koelnspd.png","width":945,"height":945},"wordCount":52,"keywords":["besser","gema1nsam"]},{"@type":"BlogPosting","@id":"https:\/\/www.spdkoelnnord.de\/unaufhaltsamer-fachkraeftemangel-spd-fraktion-will-gesamtstrategie\/","headline":"Unaufhaltsamer Fachkr\u00e4ftemangel? SPD-Fraktion will Gesamtstrategie","url":"https:\/\/www.spdkoelnnord.de\/unaufhaltsamer-fachkraeftemangel-spd-fraktion-will-gesamtstrategie\/","datePublished":"2023-04-27","dateModified":"2023-04-27","mainEntityOfPage":"https:\/\/www.spdkoelnnord.de\/unaufhaltsamer-fachkraeftemangel-spd-fraktion-will-gesamtstrategie\/","author":{"@type":"Person","@id":"https:\/\/www.spdkoelnnord.de\/author\/nrwspd-fraktion\/#Person","name":"NRWSPD Fraktion","url":"https:\/\/www.spdkoelnnord.de\/author\/nrwspd-fraktion\/","identifier":324,"image":{"@type":"ImageObject","@id":"https:\/\/www.spdkoelnnord.de\/wp-content\/plugins\/wp-user-avatar\/deprecated\/wp-user-avatar\/images\/wpua-96x96.png","url":"https:\/\/www.spdkoelnnord.de\/wp-content\/plugins\/wp-user-avatar\/deprecated\/wp-user-avatar\/images\/wpua-96x96.png","height":96,"width":96}},"publisher":{"@type":"Organization","name":"SPD im K\u00f6lner Norden","logo":{"@type":"ImageObject","@id":"https:\/\/www.spdkoelnnord.de\/wp-content\/uploads\/2019\/10\/cropped-logo_ko\u0308lnspd.jpg","url":"https:\/\/www.spdkoelnnord.de\/wp-content\/uploads\/2019\/10\/cropped-logo_ko\u0308lnspd.jpg","width":null,"height":null}},"image":{"@type":"ImageObject","@id":"https:\/\/www.spdkoelnnord.de\/wp-content\/uploads\/2024\/02\/logo_koelnspd.png","url":"https:\/\/www.spdkoelnnord.de\/wp-content\/uploads\/2024\/02\/logo_koelnspd.png","width":945,"height":945},"wordCount":441,"keywords":["fachkraftemangel","fraktion","gesamtstrategie","unaufhaltsamer"]},{"@type":"BlogPosting","@id":"https:\/\/www.spdkoelnnord.de\/mini-loehne-miese-bedingungen-und-ausbeutung-spd-fraktion-will-gegen-prekaere-beschaeftigung-vorgehen\/","headline":"Mini-L\u00f6hne, miese Bedingungen und Ausbeutung \u2013 SPD-Fraktion will gegen prek\u00e4re Besch\u00e4ftigung vorgehen","url":"https:\/\/www.spdkoelnnord.de\/mini-loehne-miese-bedingungen-und-ausbeutung-spd-fraktion-will-gegen-prekaere-beschaeftigung-vorgehen\/","datePublished":"2023-04-27","dateModified":"2023-04-27","mainEntityOfPage":"https:\/\/www.spdkoelnnord.de\/mini-loehne-miese-bedingungen-und-ausbeutung-spd-fraktion-will-gegen-prekaere-beschaeftigung-vorgehen\/","author":{"@type":"Person","@id":"https:\/\/www.spdkoelnnord.de\/author\/nrwspd-fraktion\/#Person","name":"NRWSPD Fraktion","url":"https:\/\/www.spdkoelnnord.de\/author\/nrwspd-fraktion\/","identifier":324,"image":{"@type":"ImageObject","@id":"https:\/\/www.spdkoelnnord.de\/wp-content\/plugins\/wp-user-avatar\/deprecated\/wp-user-avatar\/images\/wpua-96x96.png","url":"https:\/\/www.spdkoelnnord.de\/wp-content\/plugins\/wp-user-avatar\/deprecated\/wp-user-avatar\/images\/wpua-96x96.png","height":96,"width":96}},"publisher":{"@type":"Organization","name":"SPD im K\u00f6lner Norden","logo":{"@type":"ImageObject","@id":"https:\/\/www.spdkoelnnord.de\/wp-content\/uploads\/2019\/10\/cropped-logo_ko\u0308lnspd.jpg","url":"https:\/\/www.spdkoelnnord.de\/wp-content\/uploads\/2019\/10\/cropped-logo_ko\u0308lnspd.jpg","width":null,"height":null}},"image":{"@type":"ImageObject","@id":"https:\/\/www.spdkoelnnord.de\/wp-content\/uploads\/2024\/02\/logo_koelnspd.png","url":"https:\/\/www.spdkoelnnord.de\/wp-content\/uploads\/2024\/02\/logo_koelnspd.png","width":945,"height":945},"wordCount":770,"keywords":["ausbeutung","bedingungen","fraktion","gegen","lohne","miese"]},{"@type":"BlogPosting","@id":"https:\/\/www.spdkoelnnord.de\/armut-macht-krank\/","headline":"Armut macht krank","url":"https:\/\/www.spdkoelnnord.de\/armut-macht-krank\/","datePublished":"2023-04-21","dateModified":"2023-04-21","mainEntityOfPage":"https:\/\/www.spdkoelnnord.de\/armut-macht-krank\/","author":{"@type":"Person","@id":"https:\/\/www.spdkoelnnord.de\/author\/spdbundestagsfraktion\/#Person","name":"Bundestagsfraktion","url":"https:\/\/www.spdkoelnnord.de\/author\/spdbundestagsfraktion\/","identifier":325,"image":{"@type":"ImageObject","@id":"https:\/\/www.spdkoelnnord.de\/wp-content\/plugins\/wp-user-avatar\/deprecated\/wp-user-avatar\/images\/wpua-96x96.png","url":"https:\/\/www.spdkoelnnord.de\/wp-content\/plugins\/wp-user-avatar\/deprecated\/wp-user-avatar\/images\/wpua-96x96.png","height":96,"width":96}},"publisher":{"@type":"Organization","name":"SPD im K\u00f6lner Norden","logo":{"@type":"ImageObject","@id":"https:\/\/www.spdkoelnnord.de\/wp-content\/uploads\/2019\/10\/cropped-logo_ko\u0308lnspd.jpg","url":"https:\/\/www.spdkoelnnord.de\/wp-content\/uploads\/2019\/10\/cropped-logo_ko\u0308lnspd.jpg","width":null,"height":null}},"image":{"@type":"ImageObject","@id":"https:\/\/www.spdkoelnnord.de\/wp-content\/uploads\/2025\/02\/spd-verschwommen.jpg","url":"https:\/\/www.spdkoelnnord.de\/wp-content\/uploads\/2025\/02\/spd-verschwommen.jpg","height":675,"width":1200},"wordCount":76,"keywords":["armut","bildung","Deutscher Bundestag","kindergrundsicherung","krank","macht","S\u00f6nke Rix"]},{"@type":"BlogPosting","@id":"https:\/\/www.spdkoelnnord.de\/klimafreundlich-heizen-aber-sozial-gerecht\/","headline":"Klimafreundlich heizen &#8211; aber sozial gerecht","url":"https:\/\/www.spdkoelnnord.de\/klimafreundlich-heizen-aber-sozial-gerecht\/","datePublished":"2023-04-20","dateModified":"2023-04-20","mainEntityOfPage":"https:\/\/www.spdkoelnnord.de\/klimafreundlich-heizen-aber-sozial-gerecht\/","author":{"@type":"Person","@id":"https:\/\/www.spdkoelnnord.de\/author\/spdbundestagsfraktion\/#Person","name":"Bundestagsfraktion","url":"https:\/\/www.spdkoelnnord.de\/author\/spdbundestagsfraktion\/","identifier":325,"image":{"@type":"ImageObject","@id":"https:\/\/www.spdkoelnnord.de\/wp-content\/plugins\/wp-user-avatar\/deprecated\/wp-user-avatar\/images\/wpua-96x96.png","url":"https:\/\/www.spdkoelnnord.de\/wp-content\/plugins\/wp-user-avatar\/deprecated\/wp-user-avatar\/images\/wpua-96x96.png","height":96,"width":96}},"publisher":{"@type":"Organization","name":"SPD im K\u00f6lner Norden","logo":{"@type":"ImageObject","@id":"https:\/\/www.spdkoelnnord.de\/wp-content\/uploads\/2019\/10\/cropped-logo_ko\u0308lnspd.jpg","url":"https:\/\/www.spdkoelnnord.de\/wp-content\/uploads\/2019\/10\/cropped-logo_ko\u0308lnspd.jpg","width":null,"height":null}},"image":{"@type":"ImageObject","@id":"https:\/\/www.spdkoelnnord.de\/wp-content\/uploads\/2024\/02\/logo_koelnspd.png","url":"https:\/\/www.spdkoelnnord.de\/wp-content\/uploads\/2024\/02\/logo_koelnspd.png","width":945,"height":945},"wordCount":39,"keywords":["gerecht","heizen","klimafreundlich","sozial"]},{"@type":"BlogPosting","@id":"https:\/\/www.spdkoelnnord.de\/ampel-setzt-neue-standards-in-der-tierhaltung\/","headline":"Ampel setzt neue Standards in der Tierhaltung","url":"https:\/\/www.spdkoelnnord.de\/ampel-setzt-neue-standards-in-der-tierhaltung\/","datePublished":"2023-04-20","dateModified":"2023-04-20","mainEntityOfPage":"https:\/\/www.spdkoelnnord.de\/ampel-setzt-neue-standards-in-der-tierhaltung\/","author":{"@type":"Person","@id":"https:\/\/www.spdkoelnnord.de\/author\/spdbundestagsfraktion\/#Person","name":"Bundestagsfraktion","url":"https:\/\/www.spdkoelnnord.de\/author\/spdbundestagsfraktion\/","identifier":325,"image":{"@type":"ImageObject","@id":"https:\/\/www.spdkoelnnord.de\/wp-content\/plugins\/wp-user-avatar\/deprecated\/wp-user-avatar\/images\/wpua-96x96.png","url":"https:\/\/www.spdkoelnnord.de\/wp-content\/plugins\/wp-user-avatar\/deprecated\/wp-user-avatar\/images\/wpua-96x96.png","height":96,"width":96}},"publisher":{"@type":"Organization","name":"SPD im K\u00f6lner Norden","logo":{"@type":"ImageObject","@id":"https:\/\/www.spdkoelnnord.de\/wp-content\/uploads\/2019\/10\/cropped-logo_ko\u0308lnspd.jpg","url":"https:\/\/www.spdkoelnnord.de\/wp-content\/uploads\/2019\/10\/cropped-logo_ko\u0308lnspd.jpg","width":null,"height":null}},"image":{"@type":"ImageObject","@id":"https:\/\/www.spdkoelnnord.de\/wp-content\/uploads\/2024\/02\/logo_koelnspd.png","url":"https:\/\/www.spdkoelnnord.de\/wp-content\/uploads\/2024\/02\/logo_koelnspd.png","width":945,"height":945},"wordCount":62,"keywords":["ampel","setzt","standards","tierhaltung"]}]},{"@context":"https:\/\/schema.org","@type":"WebSite","@id":"https:\/\/www.spdkoelnnord.de\/#website","name":"Die SPD im K\u00f6lner Norden","url":"https:\/\/www.spdkoelnnord.de","potentialAction":{"@type":"SearchAction","target":"https:\/\/www.spdkoelnnord.de\/?s={search_term_string}","query-input":"required name=search_term_string"}}]