[{"@context":"https:\/\/schema.org\/","@type":"Blog","@id":"https:\/\/www.spdkoelnnord.de#Blog","headline":"Die SPD im K\u00f6lner Norden","description":"Die SPD im Stadtbezirk K\u00f6ln - Chorweiler","url":"https:\/\/www.spdkoelnnord.de","blogPost":[{"@type":"BlogPosting","@id":"https:\/\/www.spdkoelnnord.de\/sinkende-zahl-der-auszubildenden-ist-erneuter-rueckschlag\/","headline":"Sinkende Zahl der Auszubildenden ist erneuter R\u00fcckschlag","url":"https:\/\/www.spdkoelnnord.de\/sinkende-zahl-der-auszubildenden-ist-erneuter-rueckschlag\/","datePublished":"2023-04-06","dateModified":"2023-04-06","mainEntityOfPage":"https:\/\/www.spdkoelnnord.de\/sinkende-zahl-der-auszubildenden-ist-erneuter-rueckschlag\/","author":{"@type":"Person","@id":"https:\/\/www.spdkoelnnord.de\/author\/lena_teschlade\/#Person","name":"Lena Teschlade","url":"https:\/\/www.spdkoelnnord.de\/author\/lena_teschlade\/","identifier":431,"image":{"@type":"ImageObject","@id":"https:\/\/www.spdkoelnnord.de\/wp-content\/uploads\/2024\/02\/Screenshot-2024-02-26-at-20-07-59-Lena_Teschlade.avif-AVIF-Grafik-500-\u00d7-500-Pixel-150x150.png","url":"https:\/\/www.spdkoelnnord.de\/wp-content\/uploads\/2024\/02\/Screenshot-2024-02-26-at-20-07-59-Lena_Teschlade.avif-AVIF-Grafik-500-\u00d7-500-Pixel-150x150.png","height":96,"width":96}},"publisher":{"@type":"Organization","name":"SPD im K\u00f6lner Norden","logo":{"@type":"ImageObject","@id":"https:\/\/www.spdkoelnnord.de\/wp-content\/uploads\/2019\/10\/cropped-logo_ko\u0308lnspd.jpg","url":"https:\/\/www.spdkoelnnord.de\/wp-content\/uploads\/2019\/10\/cropped-logo_ko\u0308lnspd.jpg","width":null,"height":null}},"image":{"@type":"ImageObject","@id":"https:\/\/www.spdkoelnnord.de\/wp-content\/uploads\/2024\/02\/logo_koelnspd.png","url":"https:\/\/www.spdkoelnnord.de\/wp-content\/uploads\/2024\/02\/logo_koelnspd.png","width":945,"height":945},"wordCount":147,"keywords":["auszubildenden","erneuter","ruckschlag","sinkende"]},{"@type":"BlogPosting","@id":"https:\/\/www.spdkoelnnord.de\/worringen-und-merkenich-bekommen-fahrradreparatursaeulen\/","headline":"Worringen und Merkenich bekommen Fahrradreparaturs\u00e4ulen!","url":"https:\/\/www.spdkoelnnord.de\/worringen-und-merkenich-bekommen-fahrradreparatursaeulen\/","datePublished":"2023-04-06","dateModified":"2023-04-06","mainEntityOfPage":"https:\/\/www.spdkoelnnord.de\/worringen-und-merkenich-bekommen-fahrradreparatursaeulen\/","author":{"@type":"Person","@id":"https:\/\/www.spdkoelnnord.de\/author\/koelnspd\/#Person","name":"K\u00f6lnSPD","url":"https:\/\/www.spdkoelnnord.de\/author\/koelnspd\/","identifier":11,"description":"SPD-Unterbezirk K\u00f6ln\r\nMagnusstra\u00dfe 18 b\r\n50672 K\u00f6ln\r\nTel: 0221 \/ 92 59 81-0","image":{"@type":"ImageObject","@id":"https:\/\/www.spdkoelnnord.de\/wp-content\/plugins\/wp-user-avatar\/deprecated\/wp-user-avatar\/images\/wpua-96x96.png","url":"https:\/\/www.spdkoelnnord.de\/wp-content\/plugins\/wp-user-avatar\/deprecated\/wp-user-avatar\/images\/wpua-96x96.png","height":96,"width":96}},"publisher":{"@type":"Organization","name":"SPD im K\u00f6lner Norden","logo":{"@type":"ImageObject","@id":"https:\/\/www.spdkoelnnord.de\/wp-content\/uploads\/2019\/10\/cropped-logo_ko\u0308lnspd.jpg","url":"https:\/\/www.spdkoelnnord.de\/wp-content\/uploads\/2019\/10\/cropped-logo_ko\u0308lnspd.jpg","width":null,"height":null}},"image":{"@type":"ImageObject","@id":"https:\/\/www.spdkoelnnord.de\/wp-content\/uploads\/2025\/02\/spd-verschwommen.jpg","url":"https:\/\/www.spdkoelnnord.de\/wp-content\/uploads\/2025\/02\/spd-verschwommen.jpg","height":675,"width":1200},"wordCount":125,"keywords":["bekommen","Bundesministerium f\u00fcr Wirtschaft und Klimaschutz","Fahrrad","fahrradreparatursaulen","Longerich (K\u00f6ln)","Luftpumpe","merkenich","veedel","worringen"]},{"@type":"BlogPosting","@id":"https:\/\/www.spdkoelnnord.de\/cyberangriffe-sind-ernsthafte-bedrohung\/","headline":"Cyberangriffe sind ernsthafte Bedrohung","url":"https:\/\/www.spdkoelnnord.de\/cyberangriffe-sind-ernsthafte-bedrohung\/","datePublished":"2023-04-05","dateModified":"2023-04-05","mainEntityOfPage":"https:\/\/www.spdkoelnnord.de\/cyberangriffe-sind-ernsthafte-bedrohung\/","author":{"@type":"Person","@id":"https:\/\/www.spdkoelnnord.de\/author\/spdbundestagsfraktion\/#Person","name":"Bundestagsfraktion","url":"https:\/\/www.spdkoelnnord.de\/author\/spdbundestagsfraktion\/","identifier":325,"image":{"@type":"ImageObject","@id":"https:\/\/www.spdkoelnnord.de\/wp-content\/plugins\/wp-user-avatar\/deprecated\/wp-user-avatar\/images\/wpua-96x96.png","url":"https:\/\/www.spdkoelnnord.de\/wp-content\/plugins\/wp-user-avatar\/deprecated\/wp-user-avatar\/images\/wpua-96x96.png","height":96,"width":96}},"publisher":{"@type":"Organization","name":"SPD im K\u00f6lner Norden","logo":{"@type":"ImageObject","@id":"https:\/\/www.spdkoelnnord.de\/wp-content\/uploads\/2019\/10\/cropped-logo_ko\u0308lnspd.jpg","url":"https:\/\/www.spdkoelnnord.de\/wp-content\/uploads\/2019\/10\/cropped-logo_ko\u0308lnspd.jpg","width":null,"height":null}},"image":{"@type":"ImageObject","@id":"https:\/\/www.spdkoelnnord.de\/wp-content\/uploads\/2024\/02\/logo_koelnspd.png","url":"https:\/\/www.spdkoelnnord.de\/wp-content\/uploads\/2024\/02\/logo_koelnspd.png","width":945,"height":945},"wordCount":42,"keywords":["bedrohung","cyberangriffe","ernsthafte"]},{"@type":"BlogPosting","@id":"https:\/\/www.spdkoelnnord.de\/enormer-bedarf-enorme-sorgen-wie-wir-kinder-und-jugendtheater-staerken-muessen\/","headline":"Enormer Bedarf, enorme Sorgen: Wie wir Kinder- und Jugendtheater st\u00e4rken m\u00fcssen","url":"https:\/\/www.spdkoelnnord.de\/enormer-bedarf-enorme-sorgen-wie-wir-kinder-und-jugendtheater-staerken-muessen\/","datePublished":"2023-04-05","dateModified":"2023-04-05","mainEntityOfPage":"https:\/\/www.spdkoelnnord.de\/enormer-bedarf-enorme-sorgen-wie-wir-kinder-und-jugendtheater-staerken-muessen\/","author":{"@type":"Person","@id":"https:\/\/www.spdkoelnnord.de\/author\/nrwspd-fraktion\/#Person","name":"NRWSPD Fraktion","url":"https:\/\/www.spdkoelnnord.de\/author\/nrwspd-fraktion\/","identifier":324,"image":{"@type":"ImageObject","@id":"https:\/\/www.spdkoelnnord.de\/wp-content\/plugins\/wp-user-avatar\/deprecated\/wp-user-avatar\/images\/wpua-96x96.png","url":"https:\/\/www.spdkoelnnord.de\/wp-content\/plugins\/wp-user-avatar\/deprecated\/wp-user-avatar\/images\/wpua-96x96.png","height":96,"width":96}},"publisher":{"@type":"Organization","name":"SPD im K\u00f6lner Norden","logo":{"@type":"ImageObject","@id":"https:\/\/www.spdkoelnnord.de\/wp-content\/uploads\/2019\/10\/cropped-logo_ko\u0308lnspd.jpg","url":"https:\/\/www.spdkoelnnord.de\/wp-content\/uploads\/2019\/10\/cropped-logo_ko\u0308lnspd.jpg","width":null,"height":null}},"image":{"@type":"ImageObject","@id":"https:\/\/www.spdkoelnnord.de\/wp-content\/uploads\/2024\/02\/logo_koelnspd.png","url":"https:\/\/www.spdkoelnnord.de\/wp-content\/uploads\/2024\/02\/logo_koelnspd.png","width":945,"height":945},"wordCount":736,"keywords":["bedarf","enorme","enormer","jugendtheater","kinder","sorgen"]},{"@type":"BlogPosting","@id":"https:\/\/www.spdkoelnnord.de\/staedtische-kliniken-zukunftsfest-fuer-alle-aufstellen\/","headline":"St\u00e4dtische Kliniken zukunftsfest f\u00fcr alle aufstellen","url":"https:\/\/www.spdkoelnnord.de\/staedtische-kliniken-zukunftsfest-fuer-alle-aufstellen\/","datePublished":"2023-04-04","dateModified":"2023-04-04","mainEntityOfPage":"https:\/\/www.spdkoelnnord.de\/staedtische-kliniken-zukunftsfest-fuer-alle-aufstellen\/","author":{"@type":"Person","@id":"https:\/\/www.spdkoelnnord.de\/author\/koelnspd\/#Person","name":"K\u00f6lnSPD","url":"https:\/\/www.spdkoelnnord.de\/author\/koelnspd\/","identifier":11,"description":"SPD-Unterbezirk K\u00f6ln\r\nMagnusstra\u00dfe 18 b\r\n50672 K\u00f6ln\r\nTel: 0221 \/ 92 59 81-0","image":{"@type":"ImageObject","@id":"https:\/\/www.spdkoelnnord.de\/wp-content\/plugins\/wp-user-avatar\/deprecated\/wp-user-avatar\/images\/wpua-96x96.png","url":"https:\/\/www.spdkoelnnord.de\/wp-content\/plugins\/wp-user-avatar\/deprecated\/wp-user-avatar\/images\/wpua-96x96.png","height":96,"width":96}},"publisher":{"@type":"Organization","name":"SPD im K\u00f6lner Norden","logo":{"@type":"ImageObject","@id":"https:\/\/www.spdkoelnnord.de\/wp-content\/uploads\/2019\/10\/cropped-logo_ko\u0308lnspd.jpg","url":"https:\/\/www.spdkoelnnord.de\/wp-content\/uploads\/2019\/10\/cropped-logo_ko\u0308lnspd.jpg","width":null,"height":null}},"image":{"@type":"ImageObject","@id":"https:\/\/www.spdkoelnnord.de\/wp-content\/uploads\/2025\/02\/spd-verschwommen.jpg","url":"https:\/\/www.spdkoelnnord.de\/wp-content\/uploads\/2025\/02\/spd-verschwommen.jpg","height":675,"width":1200},"wordCount":1009,"keywords":["aufstellen","Charit\u00e9","chorweiler","Daseinsvorsorge","Holweide","kliniken","Kliniken der Stadt K\u00f6ln","K\u00f6ln","krankenhausfinanzierung","Medizinisches Versorgungszentrum","Merheim","Privatisierung","Sozialdemokratie","stadtische","Universit\u00e4tsklinikum K\u00f6ln","zukunftsfest"]},{"@type":"BlogPosting","@id":"https:\/\/www.spdkoelnnord.de\/wir-wollen-dass-jedes-kind-die-gleichen-chancen-bekommt\/","headline":"Wir wollen, dass jedes Kind die gleichen Chancen bekommt","url":"https:\/\/www.spdkoelnnord.de\/wir-wollen-dass-jedes-kind-die-gleichen-chancen-bekommt\/","datePublished":"2023-04-03","dateModified":"2023-04-03","mainEntityOfPage":"https:\/\/www.spdkoelnnord.de\/wir-wollen-dass-jedes-kind-die-gleichen-chancen-bekommt\/","author":{"@type":"Person","@id":"https:\/\/www.spdkoelnnord.de\/author\/spdbundestagsfraktion\/#Person","name":"Bundestagsfraktion","url":"https:\/\/www.spdkoelnnord.de\/author\/spdbundestagsfraktion\/","identifier":325,"image":{"@type":"ImageObject","@id":"https:\/\/www.spdkoelnnord.de\/wp-content\/plugins\/wp-user-avatar\/deprecated\/wp-user-avatar\/images\/wpua-96x96.png","url":"https:\/\/www.spdkoelnnord.de\/wp-content\/plugins\/wp-user-avatar\/deprecated\/wp-user-avatar\/images\/wpua-96x96.png","height":96,"width":96}},"publisher":{"@type":"Organization","name":"SPD im K\u00f6lner Norden","logo":{"@type":"ImageObject","@id":"https:\/\/www.spdkoelnnord.de\/wp-content\/uploads\/2019\/10\/cropped-logo_ko\u0308lnspd.jpg","url":"https:\/\/www.spdkoelnnord.de\/wp-content\/uploads\/2019\/10\/cropped-logo_ko\u0308lnspd.jpg","width":null,"height":null}},"image":{"@type":"ImageObject","@id":"https:\/\/www.spdkoelnnord.de\/wp-content\/uploads\/2024\/02\/logo_koelnspd.png","url":"https:\/\/www.spdkoelnnord.de\/wp-content\/uploads\/2024\/02\/logo_koelnspd.png","width":945,"height":945},"wordCount":46,"keywords":["bekommt","chancen","gleichen","jedes","wollen"]},{"@type":"BlogPosting","@id":"https:\/\/www.spdkoelnnord.de\/neue-gigabitfoerderung-des-bundes-geht-an-den-start\/","headline":"Neue Gigabitf\u00f6rderung des Bundes geht an den Start","url":"https:\/\/www.spdkoelnnord.de\/neue-gigabitfoerderung-des-bundes-geht-an-den-start\/","datePublished":"2023-04-03","dateModified":"2023-04-03","mainEntityOfPage":"https:\/\/www.spdkoelnnord.de\/neue-gigabitfoerderung-des-bundes-geht-an-den-start\/","author":{"@type":"Person","@id":"https:\/\/www.spdkoelnnord.de\/author\/spdbundestagsfraktion\/#Person","name":"Bundestagsfraktion","url":"https:\/\/www.spdkoelnnord.de\/author\/spdbundestagsfraktion\/","identifier":325,"image":{"@type":"ImageObject","@id":"https:\/\/www.spdkoelnnord.de\/wp-content\/plugins\/wp-user-avatar\/deprecated\/wp-user-avatar\/images\/wpua-96x96.png","url":"https:\/\/www.spdkoelnnord.de\/wp-content\/plugins\/wp-user-avatar\/deprecated\/wp-user-avatar\/images\/wpua-96x96.png","height":96,"width":96}},"publisher":{"@type":"Organization","name":"SPD im K\u00f6lner Norden","logo":{"@type":"ImageObject","@id":"https:\/\/www.spdkoelnnord.de\/wp-content\/uploads\/2019\/10\/cropped-logo_ko\u0308lnspd.jpg","url":"https:\/\/www.spdkoelnnord.de\/wp-content\/uploads\/2019\/10\/cropped-logo_ko\u0308lnspd.jpg","width":null,"height":null}},"image":{"@type":"ImageObject","@id":"https:\/\/www.spdkoelnnord.de\/wp-content\/uploads\/2025\/02\/spd-verschwommen.jpg","url":"https:\/\/www.spdkoelnnord.de\/wp-content\/uploads\/2025\/02\/spd-verschwommen.jpg","height":675,"width":1200},"wordCount":50,"keywords":["bundes","Bundesregierung (Deutschland)","gigabitforderung","Johannes Sch\u00e4tzl","start"]}]},{"@context":"https:\/\/schema.org","@type":"WebSite","@id":"https:\/\/www.spdkoelnnord.de\/#website","name":"Die SPD im K\u00f6lner Norden","url":"https:\/\/www.spdkoelnnord.de","potentialAction":{"@type":"SearchAction","target":"https:\/\/www.spdkoelnnord.de\/?s={search_term_string}","query-input":"required name=search_term_string"}}]