[{"@context":"https:\/\/schema.org\/","@type":"Blog","@id":"https:\/\/www.spdkoelnnord.de#Blog","headline":"Die SPD im K\u00f6lner Norden","description":"Die SPD im Stadtbezirk K\u00f6ln - Chorweiler","url":"https:\/\/www.spdkoelnnord.de","blogPost":[{"@type":"BlogPosting","@id":"https:\/\/www.spdkoelnnord.de\/schwarz-gruener-verfassungsbruch-warum-der-landeshaushalt-vor-gericht-landet\/","headline":"Schwarz-gr\u00fcner Verfassungsbruch? Warum der Landeshaushalt vor Gericht landet","url":"https:\/\/www.spdkoelnnord.de\/schwarz-gruener-verfassungsbruch-warum-der-landeshaushalt-vor-gericht-landet\/","datePublished":"2023-04-03","dateModified":"2023-04-03","mainEntityOfPage":"https:\/\/www.spdkoelnnord.de\/schwarz-gruener-verfassungsbruch-warum-der-landeshaushalt-vor-gericht-landet\/","author":{"@type":"Person","@id":"https:\/\/www.spdkoelnnord.de\/author\/nrwspd-fraktion\/#Person","name":"NRWSPD Fraktion","url":"https:\/\/www.spdkoelnnord.de\/author\/nrwspd-fraktion\/","identifier":324,"image":{"@type":"ImageObject","@id":"https:\/\/www.spdkoelnnord.de\/wp-content\/plugins\/wp-user-avatar\/deprecated\/wp-user-avatar\/images\/wpua-96x96.png","url":"https:\/\/www.spdkoelnnord.de\/wp-content\/plugins\/wp-user-avatar\/deprecated\/wp-user-avatar\/images\/wpua-96x96.png","height":96,"width":96}},"publisher":{"@type":"Organization","name":"SPD im K\u00f6lner Norden","logo":{"@type":"ImageObject","@id":"https:\/\/www.spdkoelnnord.de\/wp-content\/uploads\/2019\/10\/cropped-logo_ko\u0308lnspd.jpg","url":"https:\/\/www.spdkoelnnord.de\/wp-content\/uploads\/2019\/10\/cropped-logo_ko\u0308lnspd.jpg","width":null,"height":null}},"image":{"@type":"ImageObject","@id":"https:\/\/www.spdkoelnnord.de\/wp-content\/uploads\/2024\/02\/logo_koelnspd.png","url":"https:\/\/www.spdkoelnnord.de\/wp-content\/uploads\/2024\/02\/logo_koelnspd.png","width":945,"height":945},"wordCount":817,"keywords":["Bayerischer Verfassungsgerichtshof","Bundesministerium der Finanzen","B\u00fcndnis 90\/Die Gr\u00fcnen","Fraktion (Politik)","gericht","Grundgesetz f\u00fcr die Bundesrepublik Deutschland","gruner","haushaltsplan","Henning H\u00f6ne","Josef Kempn\u00fd","Koalition (Politik)","Krediterm\u00e4chtigung","landeshaushalt","Landesparlament","Landesregierung (Deutschland)","Lehrstuhl","ministerprasident","M\u00fcnster","Nachtragshaushalt","Normenkontrolle","\u00d6ffentliches Recht","Opposition (Politik)","parlament","Parlamentarischer Gesch\u00e4ftsf\u00fchrer","Rechnungshof","Schuldenbremse (Deutschland)","schwarz","Simon Kempny","Sonderverm\u00f6gen (Haushaltsrecht)","Steuerrecht","Thomas Kutschaty","Universit\u00e4t Bielefeld","verfassungsbruch","Verfassungsgerichtshof (\u00d6sterreich)","Verfassungsprozessrecht (Deutschland)","Verfassungswidrigkeit","warum"]},{"@type":"BlogPosting","@id":"https:\/\/www.spdkoelnnord.de\/alle-infos-zum-deutschlandticket\/","headline":"Alle Infos zum Deutschlandticket","url":"https:\/\/www.spdkoelnnord.de\/alle-infos-zum-deutschlandticket\/","datePublished":"2023-03-31","dateModified":"2023-03-31","mainEntityOfPage":"https:\/\/www.spdkoelnnord.de\/alle-infos-zum-deutschlandticket\/","author":{"@type":"Person","@id":"https:\/\/www.spdkoelnnord.de\/author\/spdbundestagsfraktion\/#Person","name":"Bundestagsfraktion","url":"https:\/\/www.spdkoelnnord.de\/author\/spdbundestagsfraktion\/","identifier":325,"image":{"@type":"ImageObject","@id":"https:\/\/www.spdkoelnnord.de\/wp-content\/plugins\/wp-user-avatar\/deprecated\/wp-user-avatar\/images\/wpua-96x96.png","url":"https:\/\/www.spdkoelnnord.de\/wp-content\/plugins\/wp-user-avatar\/deprecated\/wp-user-avatar\/images\/wpua-96x96.png","height":96,"width":96}},"publisher":{"@type":"Organization","name":"SPD im K\u00f6lner Norden","logo":{"@type":"ImageObject","@id":"https:\/\/www.spdkoelnnord.de\/wp-content\/uploads\/2019\/10\/cropped-logo_ko\u0308lnspd.jpg","url":"https:\/\/www.spdkoelnnord.de\/wp-content\/uploads\/2019\/10\/cropped-logo_ko\u0308lnspd.jpg","width":null,"height":null}},"image":{"@type":"ImageObject","@id":"https:\/\/www.spdkoelnnord.de\/wp-content\/uploads\/2025\/02\/spd-verschwommen.jpg","url":"https:\/\/www.spdkoelnnord.de\/wp-content\/uploads\/2025\/02\/spd-verschwommen.jpg","height":675,"width":1200},"wordCount":48,"keywords":["Bodensee","deutschlandticket","fahre","infos","R\u00fcgen"]},{"@type":"BlogPosting","@id":"https:\/\/www.spdkoelnnord.de\/tour-de-revier-mitarbeitende-in-der-braunkohleverstromung-zum-mittelpunkt-des-strukturwandels-machen\/","headline":"\u201eTour de Revier\u201c \u2013 Mitarbeitende in der Braunkohleverstromung zum Mittelpunkt des Strukturwandels machen","url":"https:\/\/www.spdkoelnnord.de\/tour-de-revier-mitarbeitende-in-der-braunkohleverstromung-zum-mittelpunkt-des-strukturwandels-machen\/","datePublished":"2023-03-30","dateModified":"2023-03-30","mainEntityOfPage":"https:\/\/www.spdkoelnnord.de\/tour-de-revier-mitarbeitende-in-der-braunkohleverstromung-zum-mittelpunkt-des-strukturwandels-machen\/","author":{"@type":"Person","@id":"https:\/\/www.spdkoelnnord.de\/author\/lena_teschlade\/#Person","name":"Lena Teschlade","url":"https:\/\/www.spdkoelnnord.de\/author\/lena_teschlade\/","identifier":431,"image":{"@type":"ImageObject","@id":"https:\/\/www.spdkoelnnord.de\/wp-content\/uploads\/2024\/02\/Screenshot-2024-02-26-at-20-07-59-Lena_Teschlade.avif-AVIF-Grafik-500-\u00d7-500-Pixel-150x150.png","url":"https:\/\/www.spdkoelnnord.de\/wp-content\/uploads\/2024\/02\/Screenshot-2024-02-26-at-20-07-59-Lena_Teschlade.avif-AVIF-Grafik-500-\u00d7-500-Pixel-150x150.png","height":96,"width":96}},"publisher":{"@type":"Organization","name":"SPD im K\u00f6lner Norden","logo":{"@type":"ImageObject","@id":"https:\/\/www.spdkoelnnord.de\/wp-content\/uploads\/2019\/10\/cropped-logo_ko\u0308lnspd.jpg","url":"https:\/\/www.spdkoelnnord.de\/wp-content\/uploads\/2019\/10\/cropped-logo_ko\u0308lnspd.jpg","width":null,"height":null}},"image":{"@type":"ImageObject","@id":"https:\/\/www.spdkoelnnord.de\/wp-content\/uploads\/2024\/02\/logo_koelnspd.png","url":"https:\/\/www.spdkoelnnord.de\/wp-content\/uploads\/2024\/02\/logo_koelnspd.png","width":945,"height":945},"wordCount":402,"keywords":["braunkohleverstromung","machen","mitarbeitende","mittelpunkt","revier","strukturwandels"]},{"@type":"BlogPosting","@id":"https:\/\/www.spdkoelnnord.de\/mehr-tempo-fuer-deutschland\/","headline":"Mehr Tempo f\u00fcr Deutschland","url":"https:\/\/www.spdkoelnnord.de\/mehr-tempo-fuer-deutschland\/","datePublished":"2023-03-30","dateModified":"2023-03-30","mainEntityOfPage":"https:\/\/www.spdkoelnnord.de\/mehr-tempo-fuer-deutschland\/","author":{"@type":"Person","@id":"https:\/\/www.spdkoelnnord.de\/author\/spdbundestagsfraktion\/#Person","name":"Bundestagsfraktion","url":"https:\/\/www.spdkoelnnord.de\/author\/spdbundestagsfraktion\/","identifier":325,"image":{"@type":"ImageObject","@id":"https:\/\/www.spdkoelnnord.de\/wp-content\/plugins\/wp-user-avatar\/deprecated\/wp-user-avatar\/images\/wpua-96x96.png","url":"https:\/\/www.spdkoelnnord.de\/wp-content\/plugins\/wp-user-avatar\/deprecated\/wp-user-avatar\/images\/wpua-96x96.png","height":96,"width":96}},"publisher":{"@type":"Organization","name":"SPD im K\u00f6lner Norden","logo":{"@type":"ImageObject","@id":"https:\/\/www.spdkoelnnord.de\/wp-content\/uploads\/2019\/10\/cropped-logo_ko\u0308lnspd.jpg","url":"https:\/\/www.spdkoelnnord.de\/wp-content\/uploads\/2019\/10\/cropped-logo_ko\u0308lnspd.jpg","width":null,"height":null}},"image":{"@type":"ImageObject","@id":"https:\/\/www.spdkoelnnord.de\/wp-content\/uploads\/2025\/02\/spd-verschwommen.jpg","url":"https:\/\/www.spdkoelnnord.de\/wp-content\/uploads\/2025\/02\/spd-verschwommen.jpg","height":675,"width":1200},"wordCount":45,"keywords":["Ampelkoalition","deutschland","Energieversorgung","Erneuerbare Energien","tempo"]},{"@type":"BlogPosting","@id":"https:\/\/www.spdkoelnnord.de\/wir-machen-tempo-und-kommen-voran\/","headline":"Wir machen Tempo und kommen voran","url":"https:\/\/www.spdkoelnnord.de\/wir-machen-tempo-und-kommen-voran\/","datePublished":"2023-03-29","dateModified":"2023-03-29","mainEntityOfPage":"https:\/\/www.spdkoelnnord.de\/wir-machen-tempo-und-kommen-voran\/","author":{"@type":"Person","@id":"https:\/\/www.spdkoelnnord.de\/author\/spdbundestagsfraktion\/#Person","name":"Bundestagsfraktion","url":"https:\/\/www.spdkoelnnord.de\/author\/spdbundestagsfraktion\/","identifier":325,"image":{"@type":"ImageObject","@id":"https:\/\/www.spdkoelnnord.de\/wp-content\/plugins\/wp-user-avatar\/deprecated\/wp-user-avatar\/images\/wpua-96x96.png","url":"https:\/\/www.spdkoelnnord.de\/wp-content\/plugins\/wp-user-avatar\/deprecated\/wp-user-avatar\/images\/wpua-96x96.png","height":96,"width":96}},"publisher":{"@type":"Organization","name":"SPD im K\u00f6lner Norden","logo":{"@type":"ImageObject","@id":"https:\/\/www.spdkoelnnord.de\/wp-content\/uploads\/2019\/10\/cropped-logo_ko\u0308lnspd.jpg","url":"https:\/\/www.spdkoelnnord.de\/wp-content\/uploads\/2019\/10\/cropped-logo_ko\u0308lnspd.jpg","width":null,"height":null}},"image":{"@type":"ImageObject","@id":"https:\/\/www.spdkoelnnord.de\/wp-content\/uploads\/2025\/02\/spd-verschwommen.jpg","url":"https:\/\/www.spdkoelnnord.de\/wp-content\/uploads\/2025\/02\/spd-verschwommen.jpg","height":675,"width":1200},"wordCount":48,"keywords":["klimaschutz","kommen","Lars Klingbeil","machen","Namensbeitrag","Pragmatismus","Saskia Esken","sozial","tempo","voran"]},{"@type":"BlogPosting","@id":"https:\/\/www.spdkoelnnord.de\/modernisierungsturbo-fuer-deutschland\/","headline":"Modernisierungsturbo f\u00fcr Deutschland","url":"https:\/\/www.spdkoelnnord.de\/modernisierungsturbo-fuer-deutschland\/","datePublished":"2023-03-29","dateModified":"2023-03-29","mainEntityOfPage":"https:\/\/www.spdkoelnnord.de\/modernisierungsturbo-fuer-deutschland\/","author":{"@type":"Person","@id":"https:\/\/www.spdkoelnnord.de\/author\/spdbundestagsfraktion\/#Person","name":"Bundestagsfraktion","url":"https:\/\/www.spdkoelnnord.de\/author\/spdbundestagsfraktion\/","identifier":325,"image":{"@type":"ImageObject","@id":"https:\/\/www.spdkoelnnord.de\/wp-content\/plugins\/wp-user-avatar\/deprecated\/wp-user-avatar\/images\/wpua-96x96.png","url":"https:\/\/www.spdkoelnnord.de\/wp-content\/plugins\/wp-user-avatar\/deprecated\/wp-user-avatar\/images\/wpua-96x96.png","height":96,"width":96}},"publisher":{"@type":"Organization","name":"SPD im K\u00f6lner Norden","logo":{"@type":"ImageObject","@id":"https:\/\/www.spdkoelnnord.de\/wp-content\/uploads\/2019\/10\/cropped-logo_ko\u0308lnspd.jpg","url":"https:\/\/www.spdkoelnnord.de\/wp-content\/uploads\/2019\/10\/cropped-logo_ko\u0308lnspd.jpg","width":null,"height":null}},"image":{"@type":"ImageObject","@id":"https:\/\/www.spdkoelnnord.de\/wp-content\/uploads\/2025\/02\/spd-verschwommen.jpg","url":"https:\/\/www.spdkoelnnord.de\/wp-content\/uploads\/2025\/02\/spd-verschwommen.jpg","height":675,"width":1200},"wordCount":43,"keywords":["Bundesregierung (Deutschland)","Deutsches Kaiserreich","deutschland","Koalitionsausschuss","modernisierungsturbo"]},{"@type":"BlogPosting","@id":"https:\/\/www.spdkoelnnord.de\/habt-ihr-die-ampel-gerettet-lars\/","headline":"Habt Ihr die Ampel gerettet, Lars?","url":"https:\/\/www.spdkoelnnord.de\/habt-ihr-die-ampel-gerettet-lars\/","datePublished":"2023-03-29","dateModified":"2023-03-29","mainEntityOfPage":"https:\/\/www.spdkoelnnord.de\/habt-ihr-die-ampel-gerettet-lars\/","author":{"@type":"Person","@id":"https:\/\/www.spdkoelnnord.de\/author\/spdbundestagsfraktion\/#Person","name":"Bundestagsfraktion","url":"https:\/\/www.spdkoelnnord.de\/author\/spdbundestagsfraktion\/","identifier":325,"image":{"@type":"ImageObject","@id":"https:\/\/www.spdkoelnnord.de\/wp-content\/plugins\/wp-user-avatar\/deprecated\/wp-user-avatar\/images\/wpua-96x96.png","url":"https:\/\/www.spdkoelnnord.de\/wp-content\/plugins\/wp-user-avatar\/deprecated\/wp-user-avatar\/images\/wpua-96x96.png","height":96,"width":96}},"publisher":{"@type":"Organization","name":"SPD im K\u00f6lner Norden","logo":{"@type":"ImageObject","@id":"https:\/\/www.spdkoelnnord.de\/wp-content\/uploads\/2019\/10\/cropped-logo_ko\u0308lnspd.jpg","url":"https:\/\/www.spdkoelnnord.de\/wp-content\/uploads\/2019\/10\/cropped-logo_ko\u0308lnspd.jpg","width":null,"height":null}},"image":{"@type":"ImageObject","@id":"https:\/\/www.spdkoelnnord.de\/wp-content\/uploads\/2024\/02\/logo_koelnspd.png","url":"https:\/\/www.spdkoelnnord.de\/wp-content\/uploads\/2024\/02\/logo_koelnspd.png","width":945,"height":945},"wordCount":35,"keywords":["ampel","gerettet"]}]},{"@context":"https:\/\/schema.org","@type":"WebSite","@id":"https:\/\/www.spdkoelnnord.de\/#website","name":"Die SPD im K\u00f6lner Norden","url":"https:\/\/www.spdkoelnnord.de","potentialAction":{"@type":"SearchAction","target":"https:\/\/www.spdkoelnnord.de\/?s={search_term_string}","query-input":"required name=search_term_string"}}]