[{"@context":"https:\/\/schema.org\/","@type":"Blog","@id":"https:\/\/www.spdkoelnnord.de#Blog","headline":"Die SPD im K\u00f6lner Norden","description":"Die SPD im Stadtbezirk K\u00f6ln - Chorweiler","url":"https:\/\/www.spdkoelnnord.de","blogPost":[{"@type":"BlogPosting","@id":"https:\/\/www.spdkoelnnord.de\/wohnungsbaufoerderung-richtiger-weg\/","headline":"Wohnungsbauf\u00f6rderung richtiger Weg","url":"https:\/\/www.spdkoelnnord.de\/wohnungsbaufoerderung-richtiger-weg\/","datePublished":"2023-03-28","dateModified":"2023-03-28","mainEntityOfPage":"https:\/\/www.spdkoelnnord.de\/wohnungsbaufoerderung-richtiger-weg\/","author":{"@type":"Person","@id":"https:\/\/www.spdkoelnnord.de\/author\/spdbundestagsfraktion\/#Person","name":"Bundestagsfraktion","url":"https:\/\/www.spdkoelnnord.de\/author\/spdbundestagsfraktion\/","identifier":325,"image":{"@type":"ImageObject","@id":"https:\/\/www.spdkoelnnord.de\/wp-content\/plugins\/wp-user-avatar\/deprecated\/wp-user-avatar\/images\/wpua-96x96.png","url":"https:\/\/www.spdkoelnnord.de\/wp-content\/plugins\/wp-user-avatar\/deprecated\/wp-user-avatar\/images\/wpua-96x96.png","height":96,"width":96}},"publisher":{"@type":"Organization","name":"SPD im K\u00f6lner Norden","logo":{"@type":"ImageObject","@id":"https:\/\/www.spdkoelnnord.de\/wp-content\/uploads\/2019\/10\/cropped-logo_ko\u0308lnspd.jpg","url":"https:\/\/www.spdkoelnnord.de\/wp-content\/uploads\/2019\/10\/cropped-logo_ko\u0308lnspd.jpg","width":null,"height":null}},"image":{"@type":"ImageObject","@id":"https:\/\/www.spdkoelnnord.de\/wp-content\/uploads\/2025\/02\/spd-verschwommen.jpg","url":"https:\/\/www.spdkoelnnord.de\/wp-content\/uploads\/2025\/02\/spd-verschwommen.jpg","height":675,"width":1200},"wordCount":86,"keywords":["Bernhard Daldrup (Politiker, 1956)","richtiger","wohnungsbauforderung"]},{"@type":"BlogPosting","@id":"https:\/\/www.spdkoelnnord.de\/halbzeitbilanz-verwaltungsbuendnis-stillstand-verwalten-statt-zukunft-gestalten\/","headline":"Halbzeitbilanz Verwaltungsb\u00fcndnis:  Stillstand verwalten statt Zukunft gestalten","url":"https:\/\/www.spdkoelnnord.de\/halbzeitbilanz-verwaltungsbuendnis-stillstand-verwalten-statt-zukunft-gestalten\/","datePublished":"2023-03-28","dateModified":"2023-03-28","mainEntityOfPage":"https:\/\/www.spdkoelnnord.de\/halbzeitbilanz-verwaltungsbuendnis-stillstand-verwalten-statt-zukunft-gestalten\/","author":{"@type":"Person","@id":"https:\/\/www.spdkoelnnord.de\/author\/koelnspd\/#Person","name":"K\u00f6lnSPD","url":"https:\/\/www.spdkoelnnord.de\/author\/koelnspd\/","identifier":11,"description":"SPD-Unterbezirk K\u00f6ln\r\nMagnusstra\u00dfe 18 b\r\n50672 K\u00f6ln\r\nTel: 0221 \/ 92 59 81-0","image":{"@type":"ImageObject","@id":"https:\/\/www.spdkoelnnord.de\/wp-content\/plugins\/wp-user-avatar\/deprecated\/wp-user-avatar\/images\/wpua-96x96.png","url":"https:\/\/www.spdkoelnnord.de\/wp-content\/plugins\/wp-user-avatar\/deprecated\/wp-user-avatar\/images\/wpua-96x96.png","height":96,"width":96}},"publisher":{"@type":"Organization","name":"SPD im K\u00f6lner Norden","logo":{"@type":"ImageObject","@id":"https:\/\/www.spdkoelnnord.de\/wp-content\/uploads\/2019\/10\/cropped-logo_ko\u0308lnspd.jpg","url":"https:\/\/www.spdkoelnnord.de\/wp-content\/uploads\/2019\/10\/cropped-logo_ko\u0308lnspd.jpg","width":null,"height":null}},"image":{"@type":"ImageObject","@id":"https:\/\/www.spdkoelnnord.de\/wp-content\/uploads\/2024\/02\/logo_koelnspd.png","url":"https:\/\/www.spdkoelnnord.de\/wp-content\/uploads\/2024\/02\/logo_koelnspd.png","width":945,"height":945},"wordCount":1575,"keywords":["halbzeitbilanz","statt","stillstand","verwalten","verwaltungsbundnis","zukunft"]},{"@type":"BlogPosting","@id":"https:\/\/www.spdkoelnnord.de\/hilfen-fuer-oel-fluessiggas-und-pellets-heizungen-kommen\/","headline":"Hilfen f\u00fcr \u00d6l-, Fl\u00fcssiggas und Pellets-Heizungen kommen","url":"https:\/\/www.spdkoelnnord.de\/hilfen-fuer-oel-fluessiggas-und-pellets-heizungen-kommen\/","datePublished":"2023-03-28","dateModified":"2023-03-28","mainEntityOfPage":"https:\/\/www.spdkoelnnord.de\/hilfen-fuer-oel-fluessiggas-und-pellets-heizungen-kommen\/","author":{"@type":"Person","@id":"https:\/\/www.spdkoelnnord.de\/author\/spdbundestagsfraktion\/#Person","name":"Bundestagsfraktion","url":"https:\/\/www.spdkoelnnord.de\/author\/spdbundestagsfraktion\/","identifier":325,"image":{"@type":"ImageObject","@id":"https:\/\/www.spdkoelnnord.de\/wp-content\/plugins\/wp-user-avatar\/deprecated\/wp-user-avatar\/images\/wpua-96x96.png","url":"https:\/\/www.spdkoelnnord.de\/wp-content\/plugins\/wp-user-avatar\/deprecated\/wp-user-avatar\/images\/wpua-96x96.png","height":96,"width":96}},"publisher":{"@type":"Organization","name":"SPD im K\u00f6lner Norden","logo":{"@type":"ImageObject","@id":"https:\/\/www.spdkoelnnord.de\/wp-content\/uploads\/2019\/10\/cropped-logo_ko\u0308lnspd.jpg","url":"https:\/\/www.spdkoelnnord.de\/wp-content\/uploads\/2019\/10\/cropped-logo_ko\u0308lnspd.jpg","width":null,"height":null}},"image":{"@type":"ImageObject","@id":"https:\/\/www.spdkoelnnord.de\/wp-content\/uploads\/2025\/02\/spd-verschwommen.jpg","url":"https:\/\/www.spdkoelnnord.de\/wp-content\/uploads\/2025\/02\/spd-verschwommen.jpg","height":675,"width":1200},"wordCount":84,"keywords":["flussiggas","haushaltsausschuss","heizungen","hilfen","kommen","pellets"]},{"@type":"BlogPosting","@id":"https:\/\/www.spdkoelnnord.de\/wasserversorgung-in-gefahr-wie-wir-das-lebensmittel-nummer-1-schuetzen\/","headline":"Wasserversorgung in Gefahr? Wie wir das Lebensmittel Nummer 1 sch\u00fctzen","url":"https:\/\/www.spdkoelnnord.de\/wasserversorgung-in-gefahr-wie-wir-das-lebensmittel-nummer-1-schuetzen\/","datePublished":"2023-03-24","dateModified":"2023-03-24","mainEntityOfPage":"https:\/\/www.spdkoelnnord.de\/wasserversorgung-in-gefahr-wie-wir-das-lebensmittel-nummer-1-schuetzen\/","author":{"@type":"Person","@id":"https:\/\/www.spdkoelnnord.de\/author\/nrwspd-fraktion\/#Person","name":"NRWSPD Fraktion","url":"https:\/\/www.spdkoelnnord.de\/author\/nrwspd-fraktion\/","identifier":324,"image":{"@type":"ImageObject","@id":"https:\/\/www.spdkoelnnord.de\/wp-content\/plugins\/wp-user-avatar\/deprecated\/wp-user-avatar\/images\/wpua-96x96.png","url":"https:\/\/www.spdkoelnnord.de\/wp-content\/plugins\/wp-user-avatar\/deprecated\/wp-user-avatar\/images\/wpua-96x96.png","height":96,"width":96}},"publisher":{"@type":"Organization","name":"SPD im K\u00f6lner Norden","logo":{"@type":"ImageObject","@id":"https:\/\/www.spdkoelnnord.de\/wp-content\/uploads\/2019\/10\/cropped-logo_ko\u0308lnspd.jpg","url":"https:\/\/www.spdkoelnnord.de\/wp-content\/uploads\/2019\/10\/cropped-logo_ko\u0308lnspd.jpg","width":null,"height":null}},"image":{"@type":"ImageObject","@id":"https:\/\/www.spdkoelnnord.de\/wp-content\/uploads\/2024\/02\/logo_koelnspd.png","url":"https:\/\/www.spdkoelnnord.de\/wp-content\/uploads\/2024\/02\/logo_koelnspd.png","width":945,"height":945},"wordCount":689,"keywords":["gefahr","lebensmittel","nummer","schutzen","wasserversorgung"]},{"@type":"BlogPosting","@id":"https:\/\/www.spdkoelnnord.de\/loesung-fuer-grundschulsituation-in-worringen-und-roggendorf-thenhoven\/","headline":"L\u00f6sung f\u00fcr Grundschulsituation in Worringen und Roggendorf\/Thenhoven!","url":"https:\/\/www.spdkoelnnord.de\/loesung-fuer-grundschulsituation-in-worringen-und-roggendorf-thenhoven\/","datePublished":"2023-03-23","dateModified":"2023-03-23","mainEntityOfPage":"https:\/\/www.spdkoelnnord.de\/loesung-fuer-grundschulsituation-in-worringen-und-roggendorf-thenhoven\/","author":{"@type":"Person","@id":"https:\/\/www.spdkoelnnord.de\/author\/koelnspd\/#Person","name":"K\u00f6lnSPD","url":"https:\/\/www.spdkoelnnord.de\/author\/koelnspd\/","identifier":11,"description":"SPD-Unterbezirk K\u00f6ln\r\nMagnusstra\u00dfe 18 b\r\n50672 K\u00f6ln\r\nTel: 0221 \/ 92 59 81-0","image":{"@type":"ImageObject","@id":"https:\/\/www.spdkoelnnord.de\/wp-content\/plugins\/wp-user-avatar\/deprecated\/wp-user-avatar\/images\/wpua-96x96.png","url":"https:\/\/www.spdkoelnnord.de\/wp-content\/plugins\/wp-user-avatar\/deprecated\/wp-user-avatar\/images\/wpua-96x96.png","height":96,"width":96}},"publisher":{"@type":"Organization","name":"SPD im K\u00f6lner Norden","logo":{"@type":"ImageObject","@id":"https:\/\/www.spdkoelnnord.de\/wp-content\/uploads\/2019\/10\/cropped-logo_ko\u0308lnspd.jpg","url":"https:\/\/www.spdkoelnnord.de\/wp-content\/uploads\/2019\/10\/cropped-logo_ko\u0308lnspd.jpg","width":null,"height":null}},"image":{"@type":"ImageObject","@id":"https:\/\/www.spdkoelnnord.de\/wp-content\/uploads\/2025\/02\/spd-verschwommen.jpg","url":"https:\/\/www.spdkoelnnord.de\/wp-content\/uploads\/2025\/02\/spd-verschwommen.jpg","height":675,"width":1200},"wordCount":661,"keywords":["bezirksvertretung","chorweiler","grundschulsituation","Lena Teschlade","losung","roggendorf","Roggendorf\/Thenhoven","Schlacht von Worringen","thenhoven","veedel","worringen"]},{"@type":"BlogPosting","@id":"https:\/\/www.spdkoelnnord.de\/deutschland-hat-mit-der-tuerkei-geweint\/","headline":"\u201eDeutschland hat mit der T\u00fcrkei geweint\u201c","url":"https:\/\/www.spdkoelnnord.de\/deutschland-hat-mit-der-tuerkei-geweint\/","datePublished":"2023-03-21","dateModified":"2023-03-21","mainEntityOfPage":"https:\/\/www.spdkoelnnord.de\/deutschland-hat-mit-der-tuerkei-geweint\/","author":{"@type":"Person","@id":"https:\/\/www.spdkoelnnord.de\/author\/spdbundestagsfraktion\/#Person","name":"Bundestagsfraktion","url":"https:\/\/www.spdkoelnnord.de\/author\/spdbundestagsfraktion\/","identifier":325,"image":{"@type":"ImageObject","@id":"https:\/\/www.spdkoelnnord.de\/wp-content\/plugins\/wp-user-avatar\/deprecated\/wp-user-avatar\/images\/wpua-96x96.png","url":"https:\/\/www.spdkoelnnord.de\/wp-content\/plugins\/wp-user-avatar\/deprecated\/wp-user-avatar\/images\/wpua-96x96.png","height":96,"width":96}},"publisher":{"@type":"Organization","name":"SPD im K\u00f6lner Norden","logo":{"@type":"ImageObject","@id":"https:\/\/www.spdkoelnnord.de\/wp-content\/uploads\/2019\/10\/cropped-logo_ko\u0308lnspd.jpg","url":"https:\/\/www.spdkoelnnord.de\/wp-content\/uploads\/2019\/10\/cropped-logo_ko\u0308lnspd.jpg","width":null,"height":null}},"image":{"@type":"ImageObject","@id":"https:\/\/www.spdkoelnnord.de\/wp-content\/uploads\/2024\/02\/logo_koelnspd.png","url":"https:\/\/www.spdkoelnnord.de\/wp-content\/uploads\/2024\/02\/logo_koelnspd.png","width":945,"height":945},"wordCount":44,"keywords":["deutschland","geweint","turkei"]},{"@type":"BlogPosting","@id":"https:\/\/www.spdkoelnnord.de\/gute-loehne-fuer-einen-attraktiven-oeffentlichen-dienst\/","headline":"Gute L\u00f6hne f\u00fcr einen attraktiven \u00f6ffentlichen Dienst","url":"https:\/\/www.spdkoelnnord.de\/gute-loehne-fuer-einen-attraktiven-oeffentlichen-dienst\/","datePublished":"2023-03-20","dateModified":"2023-03-20","mainEntityOfPage":"https:\/\/www.spdkoelnnord.de\/gute-loehne-fuer-einen-attraktiven-oeffentlichen-dienst\/","author":{"@type":"Person","@id":"https:\/\/www.spdkoelnnord.de\/author\/koelnspd\/#Person","name":"K\u00f6lnSPD","url":"https:\/\/www.spdkoelnnord.de\/author\/koelnspd\/","identifier":11,"description":"SPD-Unterbezirk K\u00f6ln\r\nMagnusstra\u00dfe 18 b\r\n50672 K\u00f6ln\r\nTel: 0221 \/ 92 59 81-0","image":{"@type":"ImageObject","@id":"https:\/\/www.spdkoelnnord.de\/wp-content\/plugins\/wp-user-avatar\/deprecated\/wp-user-avatar\/images\/wpua-96x96.png","url":"https:\/\/www.spdkoelnnord.de\/wp-content\/plugins\/wp-user-avatar\/deprecated\/wp-user-avatar\/images\/wpua-96x96.png","height":96,"width":96}},"publisher":{"@type":"Organization","name":"SPD im K\u00f6lner Norden","logo":{"@type":"ImageObject","@id":"https:\/\/www.spdkoelnnord.de\/wp-content\/uploads\/2019\/10\/cropped-logo_ko\u0308lnspd.jpg","url":"https:\/\/www.spdkoelnnord.de\/wp-content\/uploads\/2019\/10\/cropped-logo_ko\u0308lnspd.jpg","width":null,"height":null}},"image":{"@type":"ImageObject","@id":"https:\/\/www.spdkoelnnord.de\/wp-content\/uploads\/2025\/02\/spd-verschwommen.jpg","url":"https:\/\/www.spdkoelnnord.de\/wp-content\/uploads\/2025\/02\/spd-verschwommen.jpg","height":675,"width":1200},"wordCount":329,"keywords":["Arbeitgeberverband","Arbeitnehmer","Arbeitsentgelt","attraktiven","B\u00fcrgeramt","Daseinsvorsorge","dienst","einen","fachkraftemangel","Inflation","K\u00f6ln","lohne","Nerv","offentlichen","\u00d6ffentlicher Dienst","qualitat","Tarifbindung","Vereinbarkeit von Familie und Beruf","Vereinte Dienstleistungsgewerkschaft","Verkehrswende"]}]},{"@context":"https:\/\/schema.org","@type":"WebSite","@id":"https:\/\/www.spdkoelnnord.de\/#website","name":"Die SPD im K\u00f6lner Norden","url":"https:\/\/www.spdkoelnnord.de","potentialAction":{"@type":"SearchAction","target":"https:\/\/www.spdkoelnnord.de\/?s={search_term_string}","query-input":"required name=search_term_string"}}]