[{"@context":"https:\/\/schema.org\/","@type":"Blog","@id":"https:\/\/www.spdkoelnnord.de#Blog","headline":"Die SPD im K\u00f6lner Norden","description":"Die SPD im Stadtbezirk K\u00f6ln - Chorweiler","url":"https:\/\/www.spdkoelnnord.de","blogPost":[{"@type":"BlogPosting","@id":"https:\/\/www.spdkoelnnord.de\/bericht-von-der-informationsveranstaltung-zur-b9\/","headline":"Bericht von der Informationsveranstaltung zur B9","url":"https:\/\/www.spdkoelnnord.de\/bericht-von-der-informationsveranstaltung-zur-b9\/","datePublished":"2023-03-20","dateModified":"2023-03-20","mainEntityOfPage":"https:\/\/www.spdkoelnnord.de\/bericht-von-der-informationsveranstaltung-zur-b9\/","author":{"@type":"Person","@id":"https:\/\/www.spdkoelnnord.de\/author\/koelnspd\/#Person","name":"K\u00f6lnSPD","url":"https:\/\/www.spdkoelnnord.de\/author\/koelnspd\/","identifier":11,"description":"SPD-Unterbezirk K\u00f6ln\r\nMagnusstra\u00dfe 18 b\r\n50672 K\u00f6ln\r\nTel: 0221 \/ 92 59 81-0","image":{"@type":"ImageObject","@id":"https:\/\/www.spdkoelnnord.de\/wp-content\/plugins\/wp-user-avatar\/deprecated\/wp-user-avatar\/images\/wpua-96x96.png","url":"https:\/\/www.spdkoelnnord.de\/wp-content\/plugins\/wp-user-avatar\/deprecated\/wp-user-avatar\/images\/wpua-96x96.png","height":96,"width":96}},"publisher":{"@type":"Organization","name":"SPD im K\u00f6lner Norden","logo":{"@type":"ImageObject","@id":"https:\/\/www.spdkoelnnord.de\/wp-content\/uploads\/2019\/10\/cropped-logo_ko\u0308lnspd.jpg","url":"https:\/\/www.spdkoelnnord.de\/wp-content\/uploads\/2019\/10\/cropped-logo_ko\u0308lnspd.jpg","width":null,"height":null}},"image":{"@type":"ImageObject","@id":"https:\/\/www.spdkoelnnord.de\/wp-content\/uploads\/2025\/02\/spd-verschwommen.jpg","url":"https:\/\/www.spdkoelnnord.de\/wp-content\/uploads\/2025\/02\/spd-verschwommen.jpg","height":675,"width":1200},"wordCount":373,"keywords":["bericht","bezirksvertretung","Frostschutzschicht","informationsveranstaltung","L\u00e4rm","Schlacht von Worringen","Stra\u00dfenschaden","Tragschicht"]},{"@type":"BlogPosting","@id":"https:\/\/www.spdkoelnnord.de\/der-windkraft-champion-in-owl-was-nrw-von-lichtenau-lernen-kann\/","headline":"Der Windkraft-Champion in OWL: Was NRW von Lichtenau lernen kann","url":"https:\/\/www.spdkoelnnord.de\/der-windkraft-champion-in-owl-was-nrw-von-lichtenau-lernen-kann\/","datePublished":"2023-03-17","dateModified":"2023-03-17","mainEntityOfPage":"https:\/\/www.spdkoelnnord.de\/der-windkraft-champion-in-owl-was-nrw-von-lichtenau-lernen-kann\/","author":{"@type":"Person","@id":"https:\/\/www.spdkoelnnord.de\/author\/nrwspd-fraktion\/#Person","name":"NRWSPD Fraktion","url":"https:\/\/www.spdkoelnnord.de\/author\/nrwspd-fraktion\/","identifier":324,"image":{"@type":"ImageObject","@id":"https:\/\/www.spdkoelnnord.de\/wp-content\/plugins\/wp-user-avatar\/deprecated\/wp-user-avatar\/images\/wpua-96x96.png","url":"https:\/\/www.spdkoelnnord.de\/wp-content\/plugins\/wp-user-avatar\/deprecated\/wp-user-avatar\/images\/wpua-96x96.png","height":96,"width":96}},"publisher":{"@type":"Organization","name":"SPD im K\u00f6lner Norden","logo":{"@type":"ImageObject","@id":"https:\/\/www.spdkoelnnord.de\/wp-content\/uploads\/2019\/10\/cropped-logo_ko\u0308lnspd.jpg","url":"https:\/\/www.spdkoelnnord.de\/wp-content\/uploads\/2019\/10\/cropped-logo_ko\u0308lnspd.jpg","width":null,"height":null}},"image":{"@type":"ImageObject","@id":"https:\/\/www.spdkoelnnord.de\/wp-content\/uploads\/2025\/02\/spd-verschwommen.jpg","url":"https:\/\/www.spdkoelnnord.de\/wp-content\/uploads\/2025\/02\/spd-verschwommen.jpg","height":675,"width":1200},"wordCount":924,"keywords":["Andr\u00e9 Stinka","Automobilzulieferer","Benteler (Unternehmen)","B\u00fcndnis 90\/Die Gr\u00fcnen","B\u00fcrgerwindpark","champion","Durchstarten","dusseldorf","Erneuerbare Energien","Geldbeutel","Josef Hartmann (Politiker, 1662)","Kleinenberg (Lichtenau)","klimaschutz","Kreis Paderborn","Landtag Nordrhein-Westfalen","Landtagswahl in Schleswig-Holstein 2022","lernen","lichtenau","Lichtenau (Westfalen)","Nordrhein-Westfalen","\u00d6kostrom","Ostwestfalen-Lippe","Pro-Kopf-Einkommen","Regionalplanung","Schweizer Energiepolitik","stadtrat","Thomas Kutschaty","Windenergie","windkraft","Windkraftanlage"]},{"@type":"BlogPosting","@id":"https:\/\/www.spdkoelnnord.de\/das-rueckgrat-der-klimaneutralen-zukunft-warum-ohne-energiespeicher-nichts-geht\/","headline":"Das R\u00fcckgrat der klimaneutralen Zukunft: Warum ohne Energiespeicher nichts geht","url":"https:\/\/www.spdkoelnnord.de\/das-rueckgrat-der-klimaneutralen-zukunft-warum-ohne-energiespeicher-nichts-geht\/","datePublished":"2023-03-17","dateModified":"2023-03-17","mainEntityOfPage":"https:\/\/www.spdkoelnnord.de\/das-rueckgrat-der-klimaneutralen-zukunft-warum-ohne-energiespeicher-nichts-geht\/","author":{"@type":"Person","@id":"https:\/\/www.spdkoelnnord.de\/author\/nrwspd-fraktion\/#Person","name":"NRWSPD Fraktion","url":"https:\/\/www.spdkoelnnord.de\/author\/nrwspd-fraktion\/","identifier":324,"image":{"@type":"ImageObject","@id":"https:\/\/www.spdkoelnnord.de\/wp-content\/plugins\/wp-user-avatar\/deprecated\/wp-user-avatar\/images\/wpua-96x96.png","url":"https:\/\/www.spdkoelnnord.de\/wp-content\/plugins\/wp-user-avatar\/deprecated\/wp-user-avatar\/images\/wpua-96x96.png","height":96,"width":96}},"publisher":{"@type":"Organization","name":"SPD im K\u00f6lner Norden","logo":{"@type":"ImageObject","@id":"https:\/\/www.spdkoelnnord.de\/wp-content\/uploads\/2019\/10\/cropped-logo_ko\u0308lnspd.jpg","url":"https:\/\/www.spdkoelnnord.de\/wp-content\/uploads\/2019\/10\/cropped-logo_ko\u0308lnspd.jpg","width":null,"height":null}},"image":{"@type":"ImageObject","@id":"https:\/\/www.spdkoelnnord.de\/wp-content\/uploads\/2025\/02\/spd-verschwommen.jpg","url":"https:\/\/www.spdkoelnnord.de\/wp-content\/uploads\/2025\/02\/spd-verschwommen.jpg","height":675,"width":1200},"wordCount":294,"keywords":["Andr\u00e9 Stinka","Batterie (Elektrotechnik)","energiespeicher","Energiewende","Forschungszentrum J\u00fclich","klimaneutralen","Klimaneutralit\u00e4t","nichts","Peter Wasserscheid","ruckgrat","Ware","warum","Wasserstoff","Wasserstoffwirtschaft","YouTube","zukunft"]},{"@type":"BlogPosting","@id":"https:\/\/www.spdkoelnnord.de\/digitalbudget-bleibt-essentieller-baustein\/","headline":"Digitalbudget bleibt essentieller Baustein","url":"https:\/\/www.spdkoelnnord.de\/digitalbudget-bleibt-essentieller-baustein\/","datePublished":"2023-03-17","dateModified":"2023-03-17","mainEntityOfPage":"https:\/\/www.spdkoelnnord.de\/digitalbudget-bleibt-essentieller-baustein\/","author":{"@type":"Person","@id":"https:\/\/www.spdkoelnnord.de\/author\/spdbundestagsfraktion\/#Person","name":"Bundestagsfraktion","url":"https:\/\/www.spdkoelnnord.de\/author\/spdbundestagsfraktion\/","identifier":325,"image":{"@type":"ImageObject","@id":"https:\/\/www.spdkoelnnord.de\/wp-content\/plugins\/wp-user-avatar\/deprecated\/wp-user-avatar\/images\/wpua-96x96.png","url":"https:\/\/www.spdkoelnnord.de\/wp-content\/plugins\/wp-user-avatar\/deprecated\/wp-user-avatar\/images\/wpua-96x96.png","height":96,"width":96}},"publisher":{"@type":"Organization","name":"SPD im K\u00f6lner Norden","logo":{"@type":"ImageObject","@id":"https:\/\/www.spdkoelnnord.de\/wp-content\/uploads\/2019\/10\/cropped-logo_ko\u0308lnspd.jpg","url":"https:\/\/www.spdkoelnnord.de\/wp-content\/uploads\/2019\/10\/cropped-logo_ko\u0308lnspd.jpg","width":null,"height":null}},"image":{"@type":"ImageObject","@id":"https:\/\/www.spdkoelnnord.de\/wp-content\/uploads\/2024\/02\/logo_koelnspd.png","url":"https:\/\/www.spdkoelnnord.de\/wp-content\/uploads\/2024\/02\/logo_koelnspd.png","width":945,"height":945},"wordCount":49,"keywords":["baustein","bleibt","digitalbudget","essentieller"]},{"@type":"BlogPosting","@id":"https:\/\/www.spdkoelnnord.de\/mobilitaetswende-in-gefahr-wie-nrw-genuegend-fachkraefte-findet\/","headline":"Mobilit\u00e4tswende in Gefahr? Wie NRW gen\u00fcgend Fachkr\u00e4fte findet","url":"https:\/\/www.spdkoelnnord.de\/mobilitaetswende-in-gefahr-wie-nrw-genuegend-fachkraefte-findet\/","datePublished":"2023-03-17","dateModified":"2023-03-17","mainEntityOfPage":"https:\/\/www.spdkoelnnord.de\/mobilitaetswende-in-gefahr-wie-nrw-genuegend-fachkraefte-findet\/","author":{"@type":"Person","@id":"https:\/\/www.spdkoelnnord.de\/author\/nrwspd-fraktion\/#Person","name":"NRWSPD Fraktion","url":"https:\/\/www.spdkoelnnord.de\/author\/nrwspd-fraktion\/","identifier":324,"image":{"@type":"ImageObject","@id":"https:\/\/www.spdkoelnnord.de\/wp-content\/plugins\/wp-user-avatar\/deprecated\/wp-user-avatar\/images\/wpua-96x96.png","url":"https:\/\/www.spdkoelnnord.de\/wp-content\/plugins\/wp-user-avatar\/deprecated\/wp-user-avatar\/images\/wpua-96x96.png","height":96,"width":96}},"publisher":{"@type":"Organization","name":"SPD im K\u00f6lner Norden","logo":{"@type":"ImageObject","@id":"https:\/\/www.spdkoelnnord.de\/wp-content\/uploads\/2019\/10\/cropped-logo_ko\u0308lnspd.jpg","url":"https:\/\/www.spdkoelnnord.de\/wp-content\/uploads\/2019\/10\/cropped-logo_ko\u0308lnspd.jpg","width":null,"height":null}},"image":{"@type":"ImageObject","@id":"https:\/\/www.spdkoelnnord.de\/wp-content\/uploads\/2025\/02\/spd-verschwommen.jpg","url":"https:\/\/www.spdkoelnnord.de\/wp-content\/uploads\/2025\/02\/spd-verschwommen.jpg","height":675,"width":1200},"wordCount":558,"keywords":["Arbeitnehmer","Baby-Boomer","Binnenschifffahrt","Einwanderung","fachkrafte","fachkraftemangel","findet","gefahr","genugend","Gordan Dudas","infrastruktur","Institut der deutschen Wirtschaft","K\u00f6ln","mobilitatswende","Sabine K\u00f6hne","Surat","Verkehrswende","Werbung","Ziel"]},{"@type":"BlogPosting","@id":"https:\/\/www.spdkoelnnord.de\/keine-diskriminierung-mehr\/","headline":"Keine Diskriminierung mehr","url":"https:\/\/www.spdkoelnnord.de\/keine-diskriminierung-mehr\/","datePublished":"2023-03-17","dateModified":"2023-03-17","mainEntityOfPage":"https:\/\/www.spdkoelnnord.de\/keine-diskriminierung-mehr\/","author":{"@type":"Person","@id":"https:\/\/www.spdkoelnnord.de\/author\/spdbundestagsfraktion\/#Person","name":"Bundestagsfraktion","url":"https:\/\/www.spdkoelnnord.de\/author\/spdbundestagsfraktion\/","identifier":325,"image":{"@type":"ImageObject","@id":"https:\/\/www.spdkoelnnord.de\/wp-content\/plugins\/wp-user-avatar\/deprecated\/wp-user-avatar\/images\/wpua-96x96.png","url":"https:\/\/www.spdkoelnnord.de\/wp-content\/plugins\/wp-user-avatar\/deprecated\/wp-user-avatar\/images\/wpua-96x96.png","height":96,"width":96}},"publisher":{"@type":"Organization","name":"SPD im K\u00f6lner Norden","logo":{"@type":"ImageObject","@id":"https:\/\/www.spdkoelnnord.de\/wp-content\/uploads\/2019\/10\/cropped-logo_ko\u0308lnspd.jpg","url":"https:\/\/www.spdkoelnnord.de\/wp-content\/uploads\/2019\/10\/cropped-logo_ko\u0308lnspd.jpg","width":null,"height":null}},"image":{"@type":"ImageObject","@id":"https:\/\/www.spdkoelnnord.de\/wp-content\/uploads\/2025\/02\/spd-verschwommen.jpg","url":"https:\/\/www.spdkoelnnord.de\/wp-content\/uploads\/2025\/02\/spd-verschwommen.jpg","height":675,"width":1200},"wordCount":37,"keywords":["diskriminierung","keine","M\u00e4nner, die Sex mit M\u00e4nnern haben","Transgeschlechtlichkeit"]},{"@type":"BlogPosting","@id":"https:\/\/www.spdkoelnnord.de\/wir-staerken-den-kampf-gegen-rechts\/","headline":"Wir st\u00e4rken den Kampf gegen Rechts","url":"https:\/\/www.spdkoelnnord.de\/wir-staerken-den-kampf-gegen-rechts\/","datePublished":"2023-03-16","dateModified":"2023-03-16","mainEntityOfPage":"https:\/\/www.spdkoelnnord.de\/wir-staerken-den-kampf-gegen-rechts\/","author":{"@type":"Person","@id":"https:\/\/www.spdkoelnnord.de\/author\/spdbundestagsfraktion\/#Person","name":"Bundestagsfraktion","url":"https:\/\/www.spdkoelnnord.de\/author\/spdbundestagsfraktion\/","identifier":325,"image":{"@type":"ImageObject","@id":"https:\/\/www.spdkoelnnord.de\/wp-content\/plugins\/wp-user-avatar\/deprecated\/wp-user-avatar\/images\/wpua-96x96.png","url":"https:\/\/www.spdkoelnnord.de\/wp-content\/plugins\/wp-user-avatar\/deprecated\/wp-user-avatar\/images\/wpua-96x96.png","height":96,"width":96}},"publisher":{"@type":"Organization","name":"SPD im K\u00f6lner Norden","logo":{"@type":"ImageObject","@id":"https:\/\/www.spdkoelnnord.de\/wp-content\/uploads\/2019\/10\/cropped-logo_ko\u0308lnspd.jpg","url":"https:\/\/www.spdkoelnnord.de\/wp-content\/uploads\/2019\/10\/cropped-logo_ko\u0308lnspd.jpg","width":null,"height":null}},"image":{"@type":"ImageObject","@id":"https:\/\/www.spdkoelnnord.de\/wp-content\/uploads\/2024\/02\/logo_koelnspd.png","url":"https:\/\/www.spdkoelnnord.de\/wp-content\/uploads\/2024\/02\/logo_koelnspd.png","width":945,"height":945},"wordCount":42,"keywords":["gegen","kampf","rechts","starken"]}]},{"@context":"https:\/\/schema.org","@type":"WebSite","@id":"https:\/\/www.spdkoelnnord.de\/#website","name":"Die SPD im K\u00f6lner Norden","url":"https:\/\/www.spdkoelnnord.de","potentialAction":{"@type":"SearchAction","target":"https:\/\/www.spdkoelnnord.de\/?s={search_term_string}","query-input":"required name=search_term_string"}}]