[{"@context":"https:\/\/schema.org\/","@type":"Blog","@id":"https:\/\/www.spdkoelnnord.de#Blog","headline":"Die SPD im K\u00f6lner Norden","description":"Die SPD im Stadtbezirk K\u00f6ln - Chorweiler","url":"https:\/\/www.spdkoelnnord.de","blogPost":[{"@type":"BlogPosting","@id":"https:\/\/www.spdkoelnnord.de\/175-jahre-revolution-in-europa-ein-guter-grund-zu-feiern\/","headline":"175 JAHRE REVOLUTION IN EUROPA \u2013 EIN GUTER GRUND ZU FEIERN!","url":"https:\/\/www.spdkoelnnord.de\/175-jahre-revolution-in-europa-ein-guter-grund-zu-feiern\/","datePublished":"2023-02-01","dateModified":"2023-02-01","mainEntityOfPage":"https:\/\/www.spdkoelnnord.de\/175-jahre-revolution-in-europa-ein-guter-grund-zu-feiern\/","author":{"@type":"Person","@id":"https:\/\/www.spdkoelnnord.de\/author\/koelnspd\/#Person","name":"K\u00f6lnSPD","url":"https:\/\/www.spdkoelnnord.de\/author\/koelnspd\/","identifier":11,"description":"SPD-Unterbezirk K\u00f6ln\r\nMagnusstra\u00dfe 18 b\r\n50672 K\u00f6ln\r\nTel: 0221 \/ 92 59 81-0","image":{"@type":"ImageObject","@id":"https:\/\/www.spdkoelnnord.de\/wp-content\/plugins\/wp-user-avatar\/deprecated\/wp-user-avatar\/images\/wpua-96x96.png","url":"https:\/\/www.spdkoelnnord.de\/wp-content\/plugins\/wp-user-avatar\/deprecated\/wp-user-avatar\/images\/wpua-96x96.png","height":96,"width":96}},"publisher":{"@type":"Organization","name":"SPD im K\u00f6lner Norden","logo":{"@type":"ImageObject","@id":"https:\/\/www.spdkoelnnord.de\/wp-content\/uploads\/2019\/10\/cropped-logo_ko\u0308lnspd.jpg","url":"https:\/\/www.spdkoelnnord.de\/wp-content\/uploads\/2019\/10\/cropped-logo_ko\u0308lnspd.jpg","width":null,"height":null}},"image":{"@type":"ImageObject","@id":"https:\/\/www.spdkoelnnord.de\/wp-content\/uploads\/2025\/02\/spd-verschwommen.jpg","url":"https:\/\/www.spdkoelnnord.de\/wp-content\/uploads\/2025\/02\/spd-verschwommen.jpg","height":675,"width":1200},"wordCount":245,"keywords":["Bonn","Carl Schurz","Ein guter Grund zu feiern","europa","Falkengruppe","feiern","grund","guter","Hne","Irene Franken","jahre","Judith Schulte-Loh","K\u00f6ln","Landschaftsverband Rheinland","Mario Kramp","Matinee","revolution","Robert Blum","Sigurd Greven","Witich Ro\u00dfmann"]},{"@type":"BlogPosting","@id":"https:\/\/www.spdkoelnnord.de\/gegen-die-bildungskatastrophe-in-nrw-wir-muessen-den-mut-haben-ueber-schulinhalte-zu-sprechen\/","headline":"Gegen die Bildungskatastrophe in NRW: \u201eWir m\u00fcssen den Mut haben, \u00fcber Schulinhalte zu sprechen\u201c","url":"https:\/\/www.spdkoelnnord.de\/gegen-die-bildungskatastrophe-in-nrw-wir-muessen-den-mut-haben-ueber-schulinhalte-zu-sprechen\/","datePublished":"2023-02-01","dateModified":"2023-02-01","mainEntityOfPage":"https:\/\/www.spdkoelnnord.de\/gegen-die-bildungskatastrophe-in-nrw-wir-muessen-den-mut-haben-ueber-schulinhalte-zu-sprechen\/","author":{"@type":"Person","@id":"https:\/\/www.spdkoelnnord.de\/author\/nrwspd-fraktion\/#Person","name":"NRWSPD Fraktion","url":"https:\/\/www.spdkoelnnord.de\/author\/nrwspd-fraktion\/","identifier":324,"image":{"@type":"ImageObject","@id":"https:\/\/www.spdkoelnnord.de\/wp-content\/plugins\/wp-user-avatar\/deprecated\/wp-user-avatar\/images\/wpua-96x96.png","url":"https:\/\/www.spdkoelnnord.de\/wp-content\/plugins\/wp-user-avatar\/deprecated\/wp-user-avatar\/images\/wpua-96x96.png","height":96,"width":96}},"publisher":{"@type":"Organization","name":"SPD im K\u00f6lner Norden","logo":{"@type":"ImageObject","@id":"https:\/\/www.spdkoelnnord.de\/wp-content\/uploads\/2019\/10\/cropped-logo_ko\u0308lnspd.jpg","url":"https:\/\/www.spdkoelnnord.de\/wp-content\/uploads\/2019\/10\/cropped-logo_ko\u0308lnspd.jpg","width":null,"height":null}},"image":{"@type":"ImageObject","@id":"https:\/\/www.spdkoelnnord.de\/wp-content\/uploads\/2024\/02\/logo_koelnspd.png","url":"https:\/\/www.spdkoelnnord.de\/wp-content\/uploads\/2024\/02\/logo_koelnspd.png","width":945,"height":945},"wordCount":730,"keywords":["bildungskatastrophe","gegen","haben","mussen","schulinhalte","sprechen"]},{"@type":"BlogPosting","@id":"https:\/\/www.spdkoelnnord.de\/verlaengerung-geht-zu-lasten-der-kommunen\/","headline":"Verl\u00e4ngerung geht zu Lasten der Kommunen","url":"https:\/\/www.spdkoelnnord.de\/verlaengerung-geht-zu-lasten-der-kommunen\/","datePublished":"2023-02-01","dateModified":"2024-11-23","mainEntityOfPage":"https:\/\/www.spdkoelnnord.de\/verlaengerung-geht-zu-lasten-der-kommunen\/","author":{"@type":"Person","@id":"https:\/\/www.spdkoelnnord.de\/author\/spdbundestagsfraktion\/#Person","name":"Bundestagsfraktion","url":"https:\/\/www.spdkoelnnord.de\/author\/spdbundestagsfraktion\/","identifier":325,"image":{"@type":"ImageObject","@id":"https:\/\/www.spdkoelnnord.de\/wp-content\/plugins\/wp-user-avatar\/deprecated\/wp-user-avatar\/images\/wpua-96x96.png","url":"https:\/\/www.spdkoelnnord.de\/wp-content\/plugins\/wp-user-avatar\/deprecated\/wp-user-avatar\/images\/wpua-96x96.png","height":96,"width":96}},"publisher":{"@type":"Organization","name":"SPD im K\u00f6lner Norden","logo":{"@type":"ImageObject","@id":"https:\/\/www.spdkoelnnord.de\/wp-content\/uploads\/2019\/10\/cropped-logo_ko\u0308lnspd.jpg","url":"https:\/\/www.spdkoelnnord.de\/wp-content\/uploads\/2019\/10\/cropped-logo_ko\u0308lnspd.jpg","width":null,"height":null}},"image":{"@type":"ImageObject","@id":"https:\/\/www.spdkoelnnord.de\/wp-content\/uploads\/2025\/02\/spd-verschwommen.jpg","url":"https:\/\/www.spdkoelnnord.de\/wp-content\/uploads\/2025\/02\/spd-verschwommen.jpg","height":675,"width":1200},"wordCount":35,"keywords":["bayern","Bernhard Daldrup (Politiker, 1956)","kommunen","lasten","verlangerung"]},{"@type":"BlogPosting","@id":"https:\/\/www.spdkoelnnord.de\/die-s6-faehrt-bis-ende-maerz-wieder-im-stundentakt-im-koelner-norden\/","headline":"Die S6 f\u00e4hrt bis Ende M\u00e4rz wieder im Stundentakt im K\u00f6lner Norden","url":"https:\/\/www.spdkoelnnord.de\/die-s6-faehrt-bis-ende-maerz-wieder-im-stundentakt-im-koelner-norden\/","datePublished":"2023-01-30","dateModified":"2024-04-16","mainEntityOfPage":"https:\/\/www.spdkoelnnord.de\/die-s6-faehrt-bis-ende-maerz-wieder-im-stundentakt-im-koelner-norden\/","author":{"@type":"Person","@id":"https:\/\/www.spdkoelnnord.de\/author\/koelnspd\/#Person","name":"K\u00f6lnSPD","url":"https:\/\/www.spdkoelnnord.de\/author\/koelnspd\/","identifier":11,"description":"SPD-Unterbezirk K\u00f6ln\r\nMagnusstra\u00dfe 18 b\r\n50672 K\u00f6ln\r\nTel: 0221 \/ 92 59 81-0","image":{"@type":"ImageObject","@id":"https:\/\/www.spdkoelnnord.de\/wp-content\/plugins\/wp-user-avatar\/deprecated\/wp-user-avatar\/images\/wpua-96x96.png","url":"https:\/\/www.spdkoelnnord.de\/wp-content\/plugins\/wp-user-avatar\/deprecated\/wp-user-avatar\/images\/wpua-96x96.png","height":96,"width":96}},"publisher":{"@type":"Organization","name":"SPD im K\u00f6lner Norden","logo":{"@type":"ImageObject","@id":"https:\/\/www.spdkoelnnord.de\/wp-content\/uploads\/2019\/10\/cropped-logo_ko\u0308lnspd.jpg","url":"https:\/\/www.spdkoelnnord.de\/wp-content\/uploads\/2019\/10\/cropped-logo_ko\u0308lnspd.jpg","width":null,"height":null}},"image":{"@type":"ImageObject","@id":"https:\/\/www.spdkoelnnord.de\/wp-content\/uploads\/2025\/02\/spd-verschwommen.jpg","url":"https:\/\/www.spdkoelnnord.de\/wp-content\/uploads\/2025\/02\/spd-verschwommen.jpg","height":675,"width":1200},"wordCount":364,"keywords":["fahrt","kolner","norden","stundentakt","wieder"]},{"@type":"BlogPosting","@id":"https:\/\/www.spdkoelnnord.de\/mehr-wohngeld-fuer-mehr-menschen\/","headline":"Mehr Wohngeld f\u00fcr mehr Menschen","url":"https:\/\/www.spdkoelnnord.de\/mehr-wohngeld-fuer-mehr-menschen\/","datePublished":"2023-01-27","dateModified":"2023-01-27","mainEntityOfPage":"https:\/\/www.spdkoelnnord.de\/mehr-wohngeld-fuer-mehr-menschen\/","author":{"@type":"Person","@id":"https:\/\/www.spdkoelnnord.de\/author\/spdbundestagsfraktion\/#Person","name":"Bundestagsfraktion","url":"https:\/\/www.spdkoelnnord.de\/author\/spdbundestagsfraktion\/","identifier":325,"image":{"@type":"ImageObject","@id":"https:\/\/www.spdkoelnnord.de\/wp-content\/plugins\/wp-user-avatar\/deprecated\/wp-user-avatar\/images\/wpua-96x96.png","url":"https:\/\/www.spdkoelnnord.de\/wp-content\/plugins\/wp-user-avatar\/deprecated\/wp-user-avatar\/images\/wpua-96x96.png","height":96,"width":96}},"publisher":{"@type":"Organization","name":"SPD im K\u00f6lner Norden","logo":{"@type":"ImageObject","@id":"https:\/\/www.spdkoelnnord.de\/wp-content\/uploads\/2019\/10\/cropped-logo_ko\u0308lnspd.jpg","url":"https:\/\/www.spdkoelnnord.de\/wp-content\/uploads\/2019\/10\/cropped-logo_ko\u0308lnspd.jpg","width":null,"height":null}},"image":{"@type":"ImageObject","@id":"https:\/\/www.spdkoelnnord.de\/wp-content\/uploads\/2025\/02\/spd-verschwommen.jpg","url":"https:\/\/www.spdkoelnnord.de\/wp-content\/uploads\/2025\/02\/spd-verschwommen.jpg","height":675,"width":1200},"wordCount":39,"keywords":["menschen","Mietvertrag (Deutschland)","wohngeld"]},{"@type":"BlogPosting","@id":"https:\/\/www.spdkoelnnord.de\/reform-der-lehrkraeftebesoldung\/","headline":"Reform der Lehrkr\u00e4ftebesoldung","url":"https:\/\/www.spdkoelnnord.de\/reform-der-lehrkraeftebesoldung\/","datePublished":"2023-01-27","dateModified":"2023-01-27","mainEntityOfPage":"https:\/\/www.spdkoelnnord.de\/reform-der-lehrkraeftebesoldung\/","author":{"@type":"Person","@id":"https:\/\/www.spdkoelnnord.de\/author\/ott\/#Person","name":"Jochen Ott","url":"https:\/\/www.spdkoelnnord.de\/author\/ott\/","identifier":344,"image":{"@type":"ImageObject","@id":"https:\/\/www.spdkoelnnord.de\/wp-content\/plugins\/wp-user-avatar\/deprecated\/wp-user-avatar\/images\/wpua-96x96.png","url":"https:\/\/www.spdkoelnnord.de\/wp-content\/plugins\/wp-user-avatar\/deprecated\/wp-user-avatar\/images\/wpua-96x96.png","height":96,"width":96}},"publisher":{"@type":"Organization","name":"SPD im K\u00f6lner Norden","logo":{"@type":"ImageObject","@id":"https:\/\/www.spdkoelnnord.de\/wp-content\/uploads\/2019\/10\/cropped-logo_ko\u0308lnspd.jpg","url":"https:\/\/www.spdkoelnnord.de\/wp-content\/uploads\/2019\/10\/cropped-logo_ko\u0308lnspd.jpg","width":null,"height":null}},"image":{"@type":"ImageObject","@id":"https:\/\/www.spdkoelnnord.de\/wp-content\/uploads\/2025\/02\/spd-verschwommen.jpg","url":"https:\/\/www.spdkoelnnord.de\/wp-content\/uploads\/2025\/02\/spd-verschwommen.jpg","height":675,"width":1200},"wordCount":295,"keywords":["Besoldung","B\u00fcndnis 90\/Die Gr\u00fcnen","Gesetzentwurf","Lehrerzimmer","lehrkraftebesoldung","reform"]},{"@type":"BlogPosting","@id":"https:\/\/www.spdkoelnnord.de\/zum-wohle-der-kinder-in-nrw\/","headline":"Zum Wohle der Kinder in NRW","url":"https:\/\/www.spdkoelnnord.de\/zum-wohle-der-kinder-in-nrw\/","datePublished":"2023-01-27","dateModified":"2024-03-15","mainEntityOfPage":"https:\/\/www.spdkoelnnord.de\/zum-wohle-der-kinder-in-nrw\/","author":{"@type":"Person","@id":"https:\/\/www.spdkoelnnord.de\/author\/ott\/#Person","name":"Jochen Ott","url":"https:\/\/www.spdkoelnnord.de\/author\/ott\/","identifier":344,"image":{"@type":"ImageObject","@id":"https:\/\/www.spdkoelnnord.de\/wp-content\/plugins\/wp-user-avatar\/deprecated\/wp-user-avatar\/images\/wpua-96x96.png","url":"https:\/\/www.spdkoelnnord.de\/wp-content\/plugins\/wp-user-avatar\/deprecated\/wp-user-avatar\/images\/wpua-96x96.png","height":96,"width":96}},"publisher":{"@type":"Organization","name":"SPD im K\u00f6lner Norden","logo":{"@type":"ImageObject","@id":"https:\/\/www.spdkoelnnord.de\/wp-content\/uploads\/2019\/10\/cropped-logo_ko\u0308lnspd.jpg","url":"https:\/\/www.spdkoelnnord.de\/wp-content\/uploads\/2019\/10\/cropped-logo_ko\u0308lnspd.jpg","width":null,"height":null}},"image":{"@type":"ImageObject","@id":"https:\/\/www.spdkoelnnord.de\/wp-content\/uploads\/2025\/02\/spd-verschwommen.jpg","url":"https:\/\/www.spdkoelnnord.de\/wp-content\/uploads\/2025\/02\/spd-verschwommen.jpg","height":675,"width":1200},"wordCount":341,"keywords":["armut","Armutsgef\u00e4hrdung","Bertelsmann Stiftung","bildung","Familienzentrum","Gesundheitssystem","kinder","kindergrundsicherung","Kindertagesst\u00e4tte","pravention","Ruhrgebiet","Sozialpolitik","wohle"]}]},{"@context":"https:\/\/schema.org","@type":"WebSite","@id":"https:\/\/www.spdkoelnnord.de\/#website","name":"Die SPD im K\u00f6lner Norden","url":"https:\/\/www.spdkoelnnord.de","potentialAction":{"@type":"SearchAction","target":"https:\/\/www.spdkoelnnord.de\/?s={search_term_string}","query-input":"required name=search_term_string"}}]