[{"@context":"https:\/\/schema.org\/","@type":"Blog","@id":"https:\/\/www.spdkoelnnord.de#Blog","headline":"Die SPD im K\u00f6lner Norden","description":"Die SPD im Stadtbezirk K\u00f6ln - Chorweiler","url":"https:\/\/www.spdkoelnnord.de","blogPost":[{"@type":"BlogPosting","@id":"https:\/\/www.spdkoelnnord.de\/die-container-an-der-kgs-lebensbaumweg-koennen-weiter-genutzt-werden\/","headline":"Die Container an der KGS Lebensbaumweg k\u00f6nnen weiter genutzt werden!","url":"https:\/\/www.spdkoelnnord.de\/die-container-an-der-kgs-lebensbaumweg-koennen-weiter-genutzt-werden\/","datePublished":"2023-01-27","dateModified":"2024-04-03","mainEntityOfPage":"https:\/\/www.spdkoelnnord.de\/die-container-an-der-kgs-lebensbaumweg-koennen-weiter-genutzt-werden\/","author":{"@type":"Person","@id":"https:\/\/www.spdkoelnnord.de\/author\/koelnspd\/#Person","name":"K\u00f6lnSPD","url":"https:\/\/www.spdkoelnnord.de\/author\/koelnspd\/","identifier":11,"description":"SPD-Unterbezirk K\u00f6ln\r\nMagnusstra\u00dfe 18 b\r\n50672 K\u00f6ln\r\nTel: 0221 \/ 92 59 81-0","image":{"@type":"ImageObject","@id":"https:\/\/www.spdkoelnnord.de\/wp-content\/plugins\/wp-user-avatar\/deprecated\/wp-user-avatar\/images\/wpua-96x96.png","url":"https:\/\/www.spdkoelnnord.de\/wp-content\/plugins\/wp-user-avatar\/deprecated\/wp-user-avatar\/images\/wpua-96x96.png","height":96,"width":96}},"publisher":{"@type":"Organization","name":"SPD im K\u00f6lner Norden","logo":{"@type":"ImageObject","@id":"https:\/\/www.spdkoelnnord.de\/wp-content\/uploads\/2019\/10\/cropped-logo_ko\u0308lnspd.jpg","url":"https:\/\/www.spdkoelnnord.de\/wp-content\/uploads\/2019\/10\/cropped-logo_ko\u0308lnspd.jpg","width":null,"height":null}},"image":{"@type":"ImageObject","@id":"https:\/\/www.kgs-lebensbaumweg.de\/images\/headers\/Header_22.jpg","url":"https:\/\/www.kgs-lebensbaumweg.de\/images\/headers\/Header_22.jpg","height":347,"width":1040},"wordCount":438,"keywords":["container","Containergeb\u00e4ude","Elternvertretung","genutzt","Heimersdorf (K\u00f6ln)","K\u00f6ln","konnen","lebensbaumweg","Lena Teschlade","Petition","Volkhoven\/Weiler","weiter","werden"]},{"@type":"BlogPosting","@id":"https:\/\/www.spdkoelnnord.de\/das-ende-der-braunkohle-im-rheinischen-revier-wer-denkt-an-die-beschaeftigten\/","headline":"Das Ende der Braunkohle im Rheinischen Revier \u2013 wer denkt an die Besch\u00e4ftigten?","url":"https:\/\/www.spdkoelnnord.de\/das-ende-der-braunkohle-im-rheinischen-revier-wer-denkt-an-die-beschaeftigten\/","datePublished":"2023-01-26","dateModified":"2023-01-26","mainEntityOfPage":"https:\/\/www.spdkoelnnord.de\/das-ende-der-braunkohle-im-rheinischen-revier-wer-denkt-an-die-beschaeftigten\/","author":{"@type":"Person","@id":"https:\/\/www.spdkoelnnord.de\/author\/lena_teschlade\/#Person","name":"Lena Teschlade","url":"https:\/\/www.spdkoelnnord.de\/author\/lena_teschlade\/","identifier":431,"image":{"@type":"ImageObject","@id":"https:\/\/www.spdkoelnnord.de\/wp-content\/uploads\/2024\/02\/Screenshot-2024-02-26-at-20-07-59-Lena_Teschlade.avif-AVIF-Grafik-500-\u00d7-500-Pixel-150x150.png","url":"https:\/\/www.spdkoelnnord.de\/wp-content\/uploads\/2024\/02\/Screenshot-2024-02-26-at-20-07-59-Lena_Teschlade.avif-AVIF-Grafik-500-\u00d7-500-Pixel-150x150.png","height":96,"width":96}},"publisher":{"@type":"Organization","name":"SPD im K\u00f6lner Norden","logo":{"@type":"ImageObject","@id":"https:\/\/www.spdkoelnnord.de\/wp-content\/uploads\/2019\/10\/cropped-logo_ko\u0308lnspd.jpg","url":"https:\/\/www.spdkoelnnord.de\/wp-content\/uploads\/2019\/10\/cropped-logo_ko\u0308lnspd.jpg","width":null,"height":null}},"image":{"@type":"ImageObject","@id":"https:\/\/www.spdkoelnnord.de\/wp-content\/uploads\/2024\/02\/logo_koelnspd.png","url":"https:\/\/www.spdkoelnnord.de\/wp-content\/uploads\/2024\/02\/logo_koelnspd.png","width":945,"height":945},"wordCount":757,"keywords":["beschaftigten","braunkohle","denkt","revier","rheinischen"]},{"@type":"BlogPosting","@id":"https:\/\/www.spdkoelnnord.de\/startschuss-fuer-klimafreundliche-neubaufoerderung\/","headline":"Startschuss f\u00fcr klimafreundliche Neubauf\u00f6rderung","url":"https:\/\/www.spdkoelnnord.de\/startschuss-fuer-klimafreundliche-neubaufoerderung\/","datePublished":"2023-01-26","dateModified":"2023-01-26","mainEntityOfPage":"https:\/\/www.spdkoelnnord.de\/startschuss-fuer-klimafreundliche-neubaufoerderung\/","author":{"@type":"Person","@id":"https:\/\/www.spdkoelnnord.de\/author\/spdbundestagsfraktion\/#Person","name":"Bundestagsfraktion","url":"https:\/\/www.spdkoelnnord.de\/author\/spdbundestagsfraktion\/","identifier":325,"image":{"@type":"ImageObject","@id":"https:\/\/www.spdkoelnnord.de\/wp-content\/plugins\/wp-user-avatar\/deprecated\/wp-user-avatar\/images\/wpua-96x96.png","url":"https:\/\/www.spdkoelnnord.de\/wp-content\/plugins\/wp-user-avatar\/deprecated\/wp-user-avatar\/images\/wpua-96x96.png","height":96,"width":96}},"publisher":{"@type":"Organization","name":"SPD im K\u00f6lner Norden","logo":{"@type":"ImageObject","@id":"https:\/\/www.spdkoelnnord.de\/wp-content\/uploads\/2019\/10\/cropped-logo_ko\u0308lnspd.jpg","url":"https:\/\/www.spdkoelnnord.de\/wp-content\/uploads\/2019\/10\/cropped-logo_ko\u0308lnspd.jpg","width":null,"height":null}},"image":{"@type":"ImageObject","@id":"https:\/\/www.spdkoelnnord.de\/wp-content\/uploads\/2025\/02\/spd-verschwommen.jpg","url":"https:\/\/www.spdkoelnnord.de\/wp-content\/uploads\/2025\/02\/spd-verschwommen.jpg","height":675,"width":1200},"wordCount":63,"keywords":["Bernhard Daldrup (Politiker, 1956)","klimafreundliche","neubauforderung","startschuss"]},{"@type":"BlogPosting","@id":"https:\/\/www.spdkoelnnord.de\/kindergrundsicherung-bertelsmann-studie-bestaetigt-uns\/","headline":"Kindergrundsicherung: Bertelsmann-Studie best\u00e4tigt uns","url":"https:\/\/www.spdkoelnnord.de\/kindergrundsicherung-bertelsmann-studie-bestaetigt-uns\/","datePublished":"2023-01-26","dateModified":"2023-01-26","mainEntityOfPage":"https:\/\/www.spdkoelnnord.de\/kindergrundsicherung-bertelsmann-studie-bestaetigt-uns\/","author":{"@type":"Person","@id":"https:\/\/www.spdkoelnnord.de\/author\/spdbundestagsfraktion\/#Person","name":"Bundestagsfraktion","url":"https:\/\/www.spdkoelnnord.de\/author\/spdbundestagsfraktion\/","identifier":325,"image":{"@type":"ImageObject","@id":"https:\/\/www.spdkoelnnord.de\/wp-content\/plugins\/wp-user-avatar\/deprecated\/wp-user-avatar\/images\/wpua-96x96.png","url":"https:\/\/www.spdkoelnnord.de\/wp-content\/plugins\/wp-user-avatar\/deprecated\/wp-user-avatar\/images\/wpua-96x96.png","height":96,"width":96}},"publisher":{"@type":"Organization","name":"SPD im K\u00f6lner Norden","logo":{"@type":"ImageObject","@id":"https:\/\/www.spdkoelnnord.de\/wp-content\/uploads\/2019\/10\/cropped-logo_ko\u0308lnspd.jpg","url":"https:\/\/www.spdkoelnnord.de\/wp-content\/uploads\/2019\/10\/cropped-logo_ko\u0308lnspd.jpg","width":null,"height":null}},"image":{"@type":"ImageObject","@id":"https:\/\/www.spdkoelnnord.de\/wp-content\/uploads\/2025\/02\/spd-verschwommen.jpg","url":"https:\/\/www.spdkoelnnord.de\/wp-content\/uploads\/2025\/02\/spd-verschwommen.jpg","height":675,"width":1200},"wordCount":53,"keywords":["bertelsmann","Bertelsmann Stiftung","bestatigt","kindergrundsicherung","S\u00f6nke Rix","studie"]},{"@type":"BlogPosting","@id":"https:\/\/www.spdkoelnnord.de\/landesregierung-muss-kurskorrektur-vornehmen-unsere-ideen-fuer-einen-masterplan-zur-kindergesundheit-liegen-parat\/","headline":"Landesregierung muss Kurskorrektur vornehmen \u2013 unsere Ideen f\u00fcr einen Masterplan zur Kindergesundheit liegen parat","url":"https:\/\/www.spdkoelnnord.de\/landesregierung-muss-kurskorrektur-vornehmen-unsere-ideen-fuer-einen-masterplan-zur-kindergesundheit-liegen-parat\/","datePublished":"2023-01-26","dateModified":"2023-01-26","mainEntityOfPage":"https:\/\/www.spdkoelnnord.de\/landesregierung-muss-kurskorrektur-vornehmen-unsere-ideen-fuer-einen-masterplan-zur-kindergesundheit-liegen-parat\/","author":{"@type":"Person","@id":"https:\/\/www.spdkoelnnord.de\/author\/ott\/#Person","name":"Jochen Ott","url":"https:\/\/www.spdkoelnnord.de\/author\/ott\/","identifier":344,"image":{"@type":"ImageObject","@id":"https:\/\/www.spdkoelnnord.de\/wp-content\/plugins\/wp-user-avatar\/deprecated\/wp-user-avatar\/images\/wpua-96x96.png","url":"https:\/\/www.spdkoelnnord.de\/wp-content\/plugins\/wp-user-avatar\/deprecated\/wp-user-avatar\/images\/wpua-96x96.png","height":96,"width":96}},"publisher":{"@type":"Organization","name":"SPD im K\u00f6lner Norden","logo":{"@type":"ImageObject","@id":"https:\/\/www.spdkoelnnord.de\/wp-content\/uploads\/2019\/10\/cropped-logo_ko\u0308lnspd.jpg","url":"https:\/\/www.spdkoelnnord.de\/wp-content\/uploads\/2019\/10\/cropped-logo_ko\u0308lnspd.jpg","width":null,"height":null}},"image":{"@type":"ImageObject","@id":"https:\/\/www.spdkoelnnord.de\/wp-content\/uploads\/2024\/02\/logo_koelnspd.png","url":"https:\/\/www.spdkoelnnord.de\/wp-content\/uploads\/2024\/02\/logo_koelnspd.png","width":945,"height":945},"wordCount":475,"keywords":["einen","ideen","kurskorrektur","landesregierung","unsere","vornehmen"]},{"@type":"BlogPosting","@id":"https:\/\/www.spdkoelnnord.de\/heinrich-boell-gesamtschule-nicht-laenger-im-regen-stehen-lassen\/","headline":"Heinrich-B\u00f6ll-Gesamtschule nicht l\u00e4nger im Regen stehen lassen!","url":"https:\/\/www.spdkoelnnord.de\/heinrich-boell-gesamtschule-nicht-laenger-im-regen-stehen-lassen\/","datePublished":"2023-01-26","dateModified":"2023-01-26","mainEntityOfPage":"https:\/\/www.spdkoelnnord.de\/heinrich-boell-gesamtschule-nicht-laenger-im-regen-stehen-lassen\/","author":{"@type":"Person","@id":"https:\/\/www.spdkoelnnord.de\/author\/koelnspd\/#Person","name":"K\u00f6lnSPD","url":"https:\/\/www.spdkoelnnord.de\/author\/koelnspd\/","identifier":11,"description":"SPD-Unterbezirk K\u00f6ln\r\nMagnusstra\u00dfe 18 b\r\n50672 K\u00f6ln\r\nTel: 0221 \/ 92 59 81-0","image":{"@type":"ImageObject","@id":"https:\/\/www.spdkoelnnord.de\/wp-content\/plugins\/wp-user-avatar\/deprecated\/wp-user-avatar\/images\/wpua-96x96.png","url":"https:\/\/www.spdkoelnnord.de\/wp-content\/plugins\/wp-user-avatar\/deprecated\/wp-user-avatar\/images\/wpua-96x96.png","height":96,"width":96}},"publisher":{"@type":"Organization","name":"SPD im K\u00f6lner Norden","logo":{"@type":"ImageObject","@id":"https:\/\/www.spdkoelnnord.de\/wp-content\/uploads\/2019\/10\/cropped-logo_ko\u0308lnspd.jpg","url":"https:\/\/www.spdkoelnnord.de\/wp-content\/uploads\/2019\/10\/cropped-logo_ko\u0308lnspd.jpg","width":null,"height":null}},"image":{"@type":"ImageObject","@id":"https:\/\/www.spdkoelnnord.de\/wp-content\/uploads\/2024\/02\/logo_koelnspd.png","url":"https:\/\/www.spdkoelnnord.de\/wp-content\/uploads\/2024\/02\/logo_koelnspd.png","width":945,"height":945},"wordCount":463,"keywords":["gesamtschule","heinrich","langer","nicht","regen","stehen"]},{"@type":"BlogPosting","@id":"https:\/\/www.spdkoelnnord.de\/veranstaltung-was-passiert-gerade-im-iran-11-februar-2023\/","headline":"Veranstaltung: Was passiert gerade im Iran? \u2013 11. Februar 2023","url":"https:\/\/www.spdkoelnnord.de\/veranstaltung-was-passiert-gerade-im-iran-11-februar-2023\/","datePublished":"2023-01-26","dateModified":"2024-03-15","mainEntityOfPage":"https:\/\/www.spdkoelnnord.de\/veranstaltung-was-passiert-gerade-im-iran-11-februar-2023\/","author":{"@type":"Person","@id":"https:\/\/www.spdkoelnnord.de\/author\/koelnspd\/#Person","name":"K\u00f6lnSPD","url":"https:\/\/www.spdkoelnnord.de\/author\/koelnspd\/","identifier":11,"description":"SPD-Unterbezirk K\u00f6ln\r\nMagnusstra\u00dfe 18 b\r\n50672 K\u00f6ln\r\nTel: 0221 \/ 92 59 81-0","image":{"@type":"ImageObject","@id":"https:\/\/www.spdkoelnnord.de\/wp-content\/plugins\/wp-user-avatar\/deprecated\/wp-user-avatar\/images\/wpua-96x96.png","url":"https:\/\/www.spdkoelnnord.de\/wp-content\/plugins\/wp-user-avatar\/deprecated\/wp-user-avatar\/images\/wpua-96x96.png","height":96,"width":96}},"publisher":{"@type":"Organization","name":"SPD im K\u00f6lner Norden","logo":{"@type":"ImageObject","@id":"https:\/\/www.spdkoelnnord.de\/wp-content\/uploads\/2019\/10\/cropped-logo_ko\u0308lnspd.jpg","url":"https:\/\/www.spdkoelnnord.de\/wp-content\/uploads\/2019\/10\/cropped-logo_ko\u0308lnspd.jpg","width":null,"height":null}},"image":{"@type":"ImageObject","@id":"https:\/\/www.spdkoelnnord.de\/wp-content\/uploads\/2025\/02\/spd-verschwommen.jpg","url":"https:\/\/www.spdkoelnnord.de\/wp-content\/uploads\/2025\/02\/spd-verschwommen.jpg","height":675,"width":1200},"wordCount":190,"keywords":["februar","gerade","passiert","veranstaltung"]}]},{"@context":"https:\/\/schema.org","@type":"WebSite","@id":"https:\/\/www.spdkoelnnord.de\/#website","name":"Die SPD im K\u00f6lner Norden","url":"https:\/\/www.spdkoelnnord.de","potentialAction":{"@type":"SearchAction","target":"https:\/\/www.spdkoelnnord.de\/?s={search_term_string}","query-input":"required name=search_term_string"}}]