[{"@context":"https:\/\/schema.org\/","@type":"Blog","@id":"https:\/\/www.spdkoelnnord.de#Blog","headline":"Die SPD im K\u00f6lner Norden","description":"Die SPD im Stadtbezirk K\u00f6ln - Chorweiler","url":"https:\/\/www.spdkoelnnord.de","blogPost":[{"@type":"BlogPosting","@id":"https:\/\/www.spdkoelnnord.de\/walther-schuster-ratsmehrheit-ignoriert-die-interessen-der-koelner-bevoelkerung\/","headline":"Walther\/Schuster: Ratsmehrheit ignoriert die Interessen der K\u00f6lner Bev\u00f6lkerung","url":"https:\/\/www.spdkoelnnord.de\/walther-schuster-ratsmehrheit-ignoriert-die-interessen-der-koelner-bevoelkerung\/","datePublished":"2023-01-26","dateModified":"2023-01-26","mainEntityOfPage":"https:\/\/www.spdkoelnnord.de\/walther-schuster-ratsmehrheit-ignoriert-die-interessen-der-koelner-bevoelkerung\/","author":{"@type":"Person","@id":"https:\/\/www.spdkoelnnord.de\/author\/koelnspd\/#Person","name":"K\u00f6lnSPD","url":"https:\/\/www.spdkoelnnord.de\/author\/koelnspd\/","identifier":11,"description":"SPD-Unterbezirk K\u00f6ln\r\nMagnusstra\u00dfe 18 b\r\n50672 K\u00f6ln\r\nTel: 0221 \/ 92 59 81-0","image":{"@type":"ImageObject","@id":"https:\/\/www.spdkoelnnord.de\/wp-content\/plugins\/wp-user-avatar\/deprecated\/wp-user-avatar\/images\/wpua-96x96.png","url":"https:\/\/www.spdkoelnnord.de\/wp-content\/plugins\/wp-user-avatar\/deprecated\/wp-user-avatar\/images\/wpua-96x96.png","height":96,"width":96}},"publisher":{"@type":"Organization","name":"SPD im K\u00f6lner Norden","logo":{"@type":"ImageObject","@id":"https:\/\/www.spdkoelnnord.de\/wp-content\/uploads\/2019\/10\/cropped-logo_ko\u0308lnspd.jpg","url":"https:\/\/www.spdkoelnnord.de\/wp-content\/uploads\/2019\/10\/cropped-logo_ko\u0308lnspd.jpg","width":null,"height":null}},"image":{"@type":"ImageObject","@id":"https:\/\/www.spdkoelnnord.de\/wp-content\/uploads\/2024\/02\/logo_koelnspd.png","url":"https:\/\/www.spdkoelnnord.de\/wp-content\/uploads\/2024\/02\/logo_koelnspd.png","width":945,"height":945},"wordCount":370,"keywords":["ignoriert","interessen","kolner","ratsmehrheit","schuster","walther"]},{"@type":"BlogPosting","@id":"https:\/\/www.spdkoelnnord.de\/massiver-stellenabbau-bei-ford-mehr-als-3000-arbeitsplaetze-sind-in-koeln-bedroht\/","headline":"Massiver Stellenabbau bei Ford \u2013 mehr als 3000 Arbeitspl\u00e4tze sind in K\u00f6ln bedroht!","url":"https:\/\/www.spdkoelnnord.de\/massiver-stellenabbau-bei-ford-mehr-als-3000-arbeitsplaetze-sind-in-koeln-bedroht\/","datePublished":"2023-01-24","dateModified":"2023-01-24","mainEntityOfPage":"https:\/\/www.spdkoelnnord.de\/massiver-stellenabbau-bei-ford-mehr-als-3000-arbeitsplaetze-sind-in-koeln-bedroht\/","author":{"@type":"Person","@id":"https:\/\/www.spdkoelnnord.de\/author\/lena_teschlade\/#Person","name":"Lena Teschlade","url":"https:\/\/www.spdkoelnnord.de\/author\/lena_teschlade\/","identifier":431,"image":{"@type":"ImageObject","@id":"https:\/\/www.spdkoelnnord.de\/wp-content\/uploads\/2024\/02\/Screenshot-2024-02-26-at-20-07-59-Lena_Teschlade.avif-AVIF-Grafik-500-\u00d7-500-Pixel-150x150.png","url":"https:\/\/www.spdkoelnnord.de\/wp-content\/uploads\/2024\/02\/Screenshot-2024-02-26-at-20-07-59-Lena_Teschlade.avif-AVIF-Grafik-500-\u00d7-500-Pixel-150x150.png","height":96,"width":96}},"publisher":{"@type":"Organization","name":"SPD im K\u00f6lner Norden","logo":{"@type":"ImageObject","@id":"https:\/\/www.spdkoelnnord.de\/wp-content\/uploads\/2019\/10\/cropped-logo_ko\u0308lnspd.jpg","url":"https:\/\/www.spdkoelnnord.de\/wp-content\/uploads\/2019\/10\/cropped-logo_ko\u0308lnspd.jpg","width":null,"height":null}},"image":{"@type":"ImageObject","@id":"https:\/\/www.spdkoelnnord.de\/wp-content\/uploads\/2025\/02\/spd-verschwommen.jpg","url":"https:\/\/www.spdkoelnnord.de\/wp-content\/uploads\/2025\/02\/spd-verschwommen.jpg","height":675,"width":1200},"wordCount":546,"keywords":["Arbeitnehmer","arbeitsplatze","Automobilindustrie","bedroht","Betriebsrat","Deutscher Bundestag","Elektromobilit\u00e4t","Elektromotor","Ford-Werke","Fraktion (Politik)","K\u00f6ln","Konzern","Kurzarbeit","Landtag Nordrhein-Westfalen","Lena Teschlade","massiver","merkenich","Rolf M\u00fctzenich","stellenabbau","Unternehmen"]},{"@type":"BlogPosting","@id":"https:\/\/www.spdkoelnnord.de\/die-s-bahn-das-rueckgrat-des-oeffentlichen-nahverkehrs-im-koelner-norden\/","headline":"Die S-Bahn \u2013 Das R\u00fcckgrat des \u00f6ffentlichen Nahverkehrs im K\u00f6lner Norden","url":"https:\/\/www.spdkoelnnord.de\/die-s-bahn-das-rueckgrat-des-oeffentlichen-nahverkehrs-im-koelner-norden\/","datePublished":"2023-01-24","dateModified":"2023-01-24","mainEntityOfPage":"https:\/\/www.spdkoelnnord.de\/die-s-bahn-das-rueckgrat-des-oeffentlichen-nahverkehrs-im-koelner-norden\/","author":{"@type":"Person","@id":"https:\/\/www.spdkoelnnord.de\/author\/lena_teschlade\/#Person","name":"Lena Teschlade","url":"https:\/\/www.spdkoelnnord.de\/author\/lena_teschlade\/","identifier":431,"image":{"@type":"ImageObject","@id":"https:\/\/www.spdkoelnnord.de\/wp-content\/uploads\/2024\/02\/Screenshot-2024-02-26-at-20-07-59-Lena_Teschlade.avif-AVIF-Grafik-500-\u00d7-500-Pixel-150x150.png","url":"https:\/\/www.spdkoelnnord.de\/wp-content\/uploads\/2024\/02\/Screenshot-2024-02-26-at-20-07-59-Lena_Teschlade.avif-AVIF-Grafik-500-\u00d7-500-Pixel-150x150.png","height":96,"width":96}},"publisher":{"@type":"Organization","name":"SPD im K\u00f6lner Norden","logo":{"@type":"ImageObject","@id":"https:\/\/www.spdkoelnnord.de\/wp-content\/uploads\/2019\/10\/cropped-logo_ko\u0308lnspd.jpg","url":"https:\/\/www.spdkoelnnord.de\/wp-content\/uploads\/2019\/10\/cropped-logo_ko\u0308lnspd.jpg","width":null,"height":null}},"image":{"@type":"ImageObject","@id":"https:\/\/www.spdkoelnnord.de\/wp-content\/uploads\/2024\/02\/logo_koelnspd.png","url":"https:\/\/www.spdkoelnnord.de\/wp-content\/uploads\/2024\/02\/logo_koelnspd.png","width":945,"height":945},"wordCount":580,"keywords":["kolner","nahverkehrs","norden","offentlichen","ruckgrat"]},{"@type":"BlogPosting","@id":"https:\/\/www.spdkoelnnord.de\/sozialdemokratische-antworten-auf-eine-welt-im-umbruch\/","headline":"Sozialdemokratische Antworten auf eine Welt im Umbruch","url":"https:\/\/www.spdkoelnnord.de\/sozialdemokratische-antworten-auf-eine-welt-im-umbruch\/","datePublished":"2023-01-23","dateModified":"2024-03-15","mainEntityOfPage":"https:\/\/www.spdkoelnnord.de\/sozialdemokratische-antworten-auf-eine-welt-im-umbruch\/","author":{"@type":"Person","@id":"https:\/\/www.spdkoelnnord.de\/author\/spdbundestagsfraktion\/#Person","name":"Bundestagsfraktion","url":"https:\/\/www.spdkoelnnord.de\/author\/spdbundestagsfraktion\/","identifier":325,"image":{"@type":"ImageObject","@id":"https:\/\/www.spdkoelnnord.de\/wp-content\/plugins\/wp-user-avatar\/deprecated\/wp-user-avatar\/images\/wpua-96x96.png","url":"https:\/\/www.spdkoelnnord.de\/wp-content\/plugins\/wp-user-avatar\/deprecated\/wp-user-avatar\/images\/wpua-96x96.png","height":96,"width":96}},"publisher":{"@type":"Organization","name":"SPD im K\u00f6lner Norden","logo":{"@type":"ImageObject","@id":"https:\/\/www.spdkoelnnord.de\/wp-content\/uploads\/2019\/10\/cropped-logo_ko\u0308lnspd.jpg","url":"https:\/\/www.spdkoelnnord.de\/wp-content\/uploads\/2019\/10\/cropped-logo_ko\u0308lnspd.jpg","width":null,"height":null}},"image":{"@type":"ImageObject","@id":"https:\/\/www.spdkoelnnord.de\/wp-content\/uploads\/2025\/02\/spd-verschwommen.jpg","url":"https:\/\/www.spdkoelnnord.de\/wp-content\/uploads\/2025\/02\/spd-verschwommen.jpg","height":675,"width":1200},"wordCount":34,"keywords":["antworten","sozialdemokratische","umbruch"]},{"@type":"BlogPosting","@id":"https:\/\/www.spdkoelnnord.de\/jochen-ott-dilek-engin-wir-muessen-jetzt-den-bildungskatastrophen-schutz-schaffen\/","headline":"Jochen Ott \/ Dilek Engin:  \u201eWir m\u00fcssen jetzt den Bildungskatastrophen-Schutz schaffen\u201c","url":"https:\/\/www.spdkoelnnord.de\/jochen-ott-dilek-engin-wir-muessen-jetzt-den-bildungskatastrophen-schutz-schaffen\/","datePublished":"2023-01-23","dateModified":"2023-01-23","mainEntityOfPage":"https:\/\/www.spdkoelnnord.de\/jochen-ott-dilek-engin-wir-muessen-jetzt-den-bildungskatastrophen-schutz-schaffen\/","author":{"@type":"Person","@id":"https:\/\/www.spdkoelnnord.de\/author\/ott\/#Person","name":"Jochen Ott","url":"https:\/\/www.spdkoelnnord.de\/author\/ott\/","identifier":344,"image":{"@type":"ImageObject","@id":"https:\/\/www.spdkoelnnord.de\/wp-content\/plugins\/wp-user-avatar\/deprecated\/wp-user-avatar\/images\/wpua-96x96.png","url":"https:\/\/www.spdkoelnnord.de\/wp-content\/plugins\/wp-user-avatar\/deprecated\/wp-user-avatar\/images\/wpua-96x96.png","height":96,"width":96}},"publisher":{"@type":"Organization","name":"SPD im K\u00f6lner Norden","logo":{"@type":"ImageObject","@id":"https:\/\/www.spdkoelnnord.de\/wp-content\/uploads\/2019\/10\/cropped-logo_ko\u0308lnspd.jpg","url":"https:\/\/www.spdkoelnnord.de\/wp-content\/uploads\/2019\/10\/cropped-logo_ko\u0308lnspd.jpg","width":null,"height":null}},"image":{"@type":"ImageObject","@id":"https:\/\/www.spdkoelnnord.de\/wp-content\/uploads\/2025\/02\/spd-verschwommen.jpg","url":"https:\/\/www.spdkoelnnord.de\/wp-content\/uploads\/2025\/02\/spd-verschwommen.jpg","height":675,"width":1200},"wordCount":563,"keywords":["bildungskatastrophe","bildungskatastrophen","COVID-19-Pandemie","COVID-19-Pandemie in Deutschland","Depression","dilek","Dilek Engin","engin","Erziehungsberatung","Fachhochschule","fachkraftemangel","Familienzentrum","Investitionsstau","jetzt","jochen","Jochen Ott","Lebensqualit\u00e4t","Lehrplan","Mathematik","mussen","Werkunterricht"]},{"@type":"BlogPosting","@id":"https:\/\/www.spdkoelnnord.de\/veranstaltung-was-passiert-gerade-im-iran-11-februar-2022\/","headline":"Veranstaltung: Was passiert gerade im Iran? \u2013 11. Februar 2022","url":"https:\/\/www.spdkoelnnord.de\/veranstaltung-was-passiert-gerade-im-iran-11-februar-2022\/","datePublished":"2023-01-23","dateModified":"2024-04-29","mainEntityOfPage":"https:\/\/www.spdkoelnnord.de\/veranstaltung-was-passiert-gerade-im-iran-11-februar-2022\/","author":{"@type":"Person","@id":"https:\/\/www.spdkoelnnord.de\/author\/koelnspd\/#Person","name":"K\u00f6lnSPD","url":"https:\/\/www.spdkoelnnord.de\/author\/koelnspd\/","identifier":11,"description":"SPD-Unterbezirk K\u00f6ln\r\nMagnusstra\u00dfe 18 b\r\n50672 K\u00f6ln\r\nTel: 0221 \/ 92 59 81-0","image":{"@type":"ImageObject","@id":"https:\/\/www.spdkoelnnord.de\/wp-content\/plugins\/wp-user-avatar\/deprecated\/wp-user-avatar\/images\/wpua-96x96.png","url":"https:\/\/www.spdkoelnnord.de\/wp-content\/plugins\/wp-user-avatar\/deprecated\/wp-user-avatar\/images\/wpua-96x96.png","height":96,"width":96}},"publisher":{"@type":"Organization","name":"SPD im K\u00f6lner Norden","logo":{"@type":"ImageObject","@id":"https:\/\/www.spdkoelnnord.de\/wp-content\/uploads\/2019\/10\/cropped-logo_ko\u0308lnspd.jpg","url":"https:\/\/www.spdkoelnnord.de\/wp-content\/uploads\/2019\/10\/cropped-logo_ko\u0308lnspd.jpg","width":null,"height":null}},"image":{"@type":"ImageObject","@id":"https:\/\/www.spdkoelnnord.de\/wp-content\/uploads\/2025\/02\/spd-verschwommen.jpg","url":"https:\/\/www.spdkoelnnord.de\/wp-content\/uploads\/2025\/02\/spd-verschwommen.jpg","height":675,"width":1200},"wordCount":181,"keywords":["februar","gerade","passiert","veranstaltung"]},{"@type":"BlogPosting","@id":"https:\/\/www.spdkoelnnord.de\/enttaeuscht-von-den-ersten-monaten-der-landesregierung-viel-zu-tun-fuer-kinderschutz-in-nrw\/","headline":"\u201eEntt\u00e4uscht von den ersten Monaten der Landesregierung\u201c \u2013 viel zu tun f\u00fcr Kinderschutz in NRW","url":"https:\/\/www.spdkoelnnord.de\/enttaeuscht-von-den-ersten-monaten-der-landesregierung-viel-zu-tun-fuer-kinderschutz-in-nrw\/","datePublished":"2023-01-20","dateModified":"2023-01-20","mainEntityOfPage":"https:\/\/www.spdkoelnnord.de\/enttaeuscht-von-den-ersten-monaten-der-landesregierung-viel-zu-tun-fuer-kinderschutz-in-nrw\/","author":{"@type":"Person","@id":"https:\/\/www.spdkoelnnord.de\/author\/nrwspd-fraktion\/#Person","name":"NRWSPD Fraktion","url":"https:\/\/www.spdkoelnnord.de\/author\/nrwspd-fraktion\/","identifier":324,"image":{"@type":"ImageObject","@id":"https:\/\/www.spdkoelnnord.de\/wp-content\/plugins\/wp-user-avatar\/deprecated\/wp-user-avatar\/images\/wpua-96x96.png","url":"https:\/\/www.spdkoelnnord.de\/wp-content\/plugins\/wp-user-avatar\/deprecated\/wp-user-avatar\/images\/wpua-96x96.png","height":96,"width":96}},"publisher":{"@type":"Organization","name":"SPD im K\u00f6lner Norden","logo":{"@type":"ImageObject","@id":"https:\/\/www.spdkoelnnord.de\/wp-content\/uploads\/2019\/10\/cropped-logo_ko\u0308lnspd.jpg","url":"https:\/\/www.spdkoelnnord.de\/wp-content\/uploads\/2019\/10\/cropped-logo_ko\u0308lnspd.jpg","width":null,"height":null}},"image":{"@type":"ImageObject","@id":"https:\/\/www.spdkoelnnord.de\/wp-content\/uploads\/2024\/02\/logo_koelnspd.png","url":"https:\/\/www.spdkoelnnord.de\/wp-content\/uploads\/2024\/02\/logo_koelnspd.png","width":945,"height":945},"wordCount":503,"keywords":["enttauscht","ersten","kinderschutz","landesregierung","monaten"]}]},{"@context":"https:\/\/schema.org","@type":"WebSite","@id":"https:\/\/www.spdkoelnnord.de\/#website","name":"Die SPD im K\u00f6lner Norden","url":"https:\/\/www.spdkoelnnord.de","potentialAction":{"@type":"SearchAction","target":"https:\/\/www.spdkoelnnord.de\/?s={search_term_string}","query-input":"required name=search_term_string"}}]