[{"@context":"https:\/\/schema.org\/","@type":"Blog","@id":"https:\/\/www.spdkoelnnord.de#Blog","headline":"Die SPD im K\u00f6lner Norden","description":"Die SPD im Stadtbezirk K\u00f6ln - Chorweiler","url":"https:\/\/www.spdkoelnnord.de","blogPost":[{"@type":"BlogPosting","@id":"https:\/\/www.spdkoelnnord.de\/vereinbarkeit-von-beruf-und-familie-in-nrw-dicke-bretter-sind-zu-bohren\/","headline":"Vereinbarkeit von Beruf und Familie in NRW: \u201eDicke Bretter sind zu bohren\u201c","url":"https:\/\/www.spdkoelnnord.de\/vereinbarkeit-von-beruf-und-familie-in-nrw-dicke-bretter-sind-zu-bohren\/","datePublished":"2023-01-18","dateModified":"2023-01-18","mainEntityOfPage":"https:\/\/www.spdkoelnnord.de\/vereinbarkeit-von-beruf-und-familie-in-nrw-dicke-bretter-sind-zu-bohren\/","author":{"@type":"Person","@id":"https:\/\/www.spdkoelnnord.de\/author\/nrwspd-fraktion\/#Person","name":"NRWSPD Fraktion","url":"https:\/\/www.spdkoelnnord.de\/author\/nrwspd-fraktion\/","identifier":324,"image":{"@type":"ImageObject","@id":"https:\/\/www.spdkoelnnord.de\/wp-content\/plugins\/wp-user-avatar\/deprecated\/wp-user-avatar\/images\/wpua-96x96.png","url":"https:\/\/www.spdkoelnnord.de\/wp-content\/plugins\/wp-user-avatar\/deprecated\/wp-user-avatar\/images\/wpua-96x96.png","height":96,"width":96}},"publisher":{"@type":"Organization","name":"SPD im K\u00f6lner Norden","logo":{"@type":"ImageObject","@id":"https:\/\/www.spdkoelnnord.de\/wp-content\/uploads\/2019\/10\/cropped-logo_ko\u0308lnspd.jpg","url":"https:\/\/www.spdkoelnnord.de\/wp-content\/uploads\/2019\/10\/cropped-logo_ko\u0308lnspd.jpg","width":null,"height":null}},"image":{"@type":"ImageObject","@id":"https:\/\/www.spdkoelnnord.de\/wp-content\/uploads\/2025\/02\/spd-verschwommen.jpg","url":"https:\/\/www.spdkoelnnord.de\/wp-content\/uploads\/2025\/02\/spd-verschwommen.jpg","height":675,"width":1200},"wordCount":766,"keywords":["9 to 5 (Dolly-Parton-Lied)","Ampelkoalition","Anspruch (Recht)","Arbeit (Philosophie)","Arbeitgeber","beruf","bildung","bohren","bretter","Bundesregierung (Deutschland)","chancengleichheit","COVID-19-Pandemie in Deutschland","Dennis Maelzer","dicke","dusseldorf","familie","Familienpolitik","Individuum","kindergrundsicherung","Kindertagesst\u00e4tte","Kindheit","Landeselternvertretung","Telearbeit","vereinbarkeit","Vereinbarkeit von Familie und Beruf"]},{"@type":"BlogPosting","@id":"https:\/\/www.spdkoelnnord.de\/ein-gestaehltes-politisches-schlachtross\/","headline":"\u201eEin gest\u00e4hltes politisches Schlachtross\u201c","url":"https:\/\/www.spdkoelnnord.de\/ein-gestaehltes-politisches-schlachtross\/","datePublished":"2023-01-18","dateModified":"2024-03-15","mainEntityOfPage":"https:\/\/www.spdkoelnnord.de\/ein-gestaehltes-politisches-schlachtross\/","author":{"@type":"Person","@id":"https:\/\/www.spdkoelnnord.de\/author\/spdbundestagsfraktion\/#Person","name":"Bundestagsfraktion","url":"https:\/\/www.spdkoelnnord.de\/author\/spdbundestagsfraktion\/","identifier":325,"image":{"@type":"ImageObject","@id":"https:\/\/www.spdkoelnnord.de\/wp-content\/plugins\/wp-user-avatar\/deprecated\/wp-user-avatar\/images\/wpua-96x96.png","url":"https:\/\/www.spdkoelnnord.de\/wp-content\/plugins\/wp-user-avatar\/deprecated\/wp-user-avatar\/images\/wpua-96x96.png","height":96,"width":96}},"publisher":{"@type":"Organization","name":"SPD im K\u00f6lner Norden","logo":{"@type":"ImageObject","@id":"https:\/\/www.spdkoelnnord.de\/wp-content\/uploads\/2019\/10\/cropped-logo_ko\u0308lnspd.jpg","url":"https:\/\/www.spdkoelnnord.de\/wp-content\/uploads\/2019\/10\/cropped-logo_ko\u0308lnspd.jpg","width":null,"height":null}},"image":{"@type":"ImageObject","@id":"https:\/\/www.spdkoelnnord.de\/wp-content\/uploads\/2025\/02\/spd-verschwommen.jpg","url":"https:\/\/www.spdkoelnnord.de\/wp-content\/uploads\/2025\/02\/spd-verschwommen.jpg","height":675,"width":1200},"wordCount":26,"keywords":["Boris Pistorius","gestahltes","Innenminister","politisches","schlachtross","Sozialdemokratie"]},{"@type":"BlogPosting","@id":"https:\/\/www.spdkoelnnord.de\/ki-verordnung-grundrechte-schuetzen-innovation-foerdern\/","headline":"KI-Verordnung: Grundrechte sch\u00fctzen, Innovation f\u00f6rdern","url":"https:\/\/www.spdkoelnnord.de\/ki-verordnung-grundrechte-schuetzen-innovation-foerdern\/","datePublished":"2023-01-18","dateModified":"2023-01-18","mainEntityOfPage":"https:\/\/www.spdkoelnnord.de\/ki-verordnung-grundrechte-schuetzen-innovation-foerdern\/","author":{"@type":"Person","@id":"https:\/\/www.spdkoelnnord.de\/author\/spdbundestagsfraktion\/#Person","name":"Bundestagsfraktion","url":"https:\/\/www.spdkoelnnord.de\/author\/spdbundestagsfraktion\/","identifier":325,"image":{"@type":"ImageObject","@id":"https:\/\/www.spdkoelnnord.de\/wp-content\/plugins\/wp-user-avatar\/deprecated\/wp-user-avatar\/images\/wpua-96x96.png","url":"https:\/\/www.spdkoelnnord.de\/wp-content\/plugins\/wp-user-avatar\/deprecated\/wp-user-avatar\/images\/wpua-96x96.png","height":96,"width":96}},"publisher":{"@type":"Organization","name":"SPD im K\u00f6lner Norden","logo":{"@type":"ImageObject","@id":"https:\/\/www.spdkoelnnord.de\/wp-content\/uploads\/2019\/10\/cropped-logo_ko\u0308lnspd.jpg","url":"https:\/\/www.spdkoelnnord.de\/wp-content\/uploads\/2019\/10\/cropped-logo_ko\u0308lnspd.jpg","width":null,"height":null}},"image":{"@type":"ImageObject","@id":"https:\/\/www.spdkoelnnord.de\/wp-content\/uploads\/2025\/02\/spd-verschwommen.jpg","url":"https:\/\/www.spdkoelnnord.de\/wp-content\/uploads\/2025\/02\/spd-verschwommen.jpg","height":675,"width":1200},"wordCount":69,"keywords":["Armand Zorn","fordern","Gesetz \u00fcber k\u00fcnstliche Intelligenz","grundrechte","innovation","K\u00fcnstliche Intelligenz","Parsa Marvi","schutzen","Souver\u00e4nit\u00e4t","verordnung","Verordnung (EU)"]},{"@type":"BlogPosting","@id":"https:\/\/www.spdkoelnnord.de\/boris-pistorius-wird-neuer-verteidigungsminister\/","headline":"Boris Pistorius wird neuer Verteidigungsminister","url":"https:\/\/www.spdkoelnnord.de\/boris-pistorius-wird-neuer-verteidigungsminister\/","datePublished":"2023-01-17","dateModified":"2024-03-15","mainEntityOfPage":"https:\/\/www.spdkoelnnord.de\/boris-pistorius-wird-neuer-verteidigungsminister\/","author":{"@type":"Person","@id":"https:\/\/www.spdkoelnnord.de\/author\/spdbundestagsfraktion\/#Person","name":"Bundestagsfraktion","url":"https:\/\/www.spdkoelnnord.de\/author\/spdbundestagsfraktion\/","identifier":325,"image":{"@type":"ImageObject","@id":"https:\/\/www.spdkoelnnord.de\/wp-content\/plugins\/wp-user-avatar\/deprecated\/wp-user-avatar\/images\/wpua-96x96.png","url":"https:\/\/www.spdkoelnnord.de\/wp-content\/plugins\/wp-user-avatar\/deprecated\/wp-user-avatar\/images\/wpua-96x96.png","height":96,"width":96}},"publisher":{"@type":"Organization","name":"SPD im K\u00f6lner Norden","logo":{"@type":"ImageObject","@id":"https:\/\/www.spdkoelnnord.de\/wp-content\/uploads\/2019\/10\/cropped-logo_ko\u0308lnspd.jpg","url":"https:\/\/www.spdkoelnnord.de\/wp-content\/uploads\/2019\/10\/cropped-logo_ko\u0308lnspd.jpg","width":null,"height":null}},"image":{"@type":"ImageObject","@id":"https:\/\/www.spdkoelnnord.de\/wp-content\/uploads\/2025\/02\/spd-verschwommen.jpg","url":"https:\/\/www.spdkoelnnord.de\/wp-content\/uploads\/2025\/02\/spd-verschwommen.jpg","height":675,"width":1200},"wordCount":30,"keywords":["boris","Boris Pistorius","Bundeskanzler (Deutschland)","Bundesministerium der Verteidigung","neuer","Olaf Scholz","pistorius","verteidigungsminister"]},{"@type":"BlogPosting","@id":"https:\/\/www.spdkoelnnord.de\/kvb-leihraeder-endlich-auch-in-chorweiler-und-volkhoven-weiler\/","headline":"KVB-Leihr\u00e4der endlich auch in Chorweiler und Volkhoven\/Weiler","url":"https:\/\/www.spdkoelnnord.de\/kvb-leihraeder-endlich-auch-in-chorweiler-und-volkhoven-weiler\/","datePublished":"2023-01-14","dateModified":"2023-01-14","mainEntityOfPage":"https:\/\/www.spdkoelnnord.de\/kvb-leihraeder-endlich-auch-in-chorweiler-und-volkhoven-weiler\/","author":{"@type":"Person","@id":"https:\/\/www.spdkoelnnord.de\/author\/koelnspd\/#Person","name":"K\u00f6lnSPD","url":"https:\/\/www.spdkoelnnord.de\/author\/koelnspd\/","identifier":11,"description":"SPD-Unterbezirk K\u00f6ln\r\nMagnusstra\u00dfe 18 b\r\n50672 K\u00f6ln\r\nTel: 0221 \/ 92 59 81-0","image":{"@type":"ImageObject","@id":"https:\/\/www.spdkoelnnord.de\/wp-content\/plugins\/wp-user-avatar\/deprecated\/wp-user-avatar\/images\/wpua-96x96.png","url":"https:\/\/www.spdkoelnnord.de\/wp-content\/plugins\/wp-user-avatar\/deprecated\/wp-user-avatar\/images\/wpua-96x96.png","height":96,"width":96}},"publisher":{"@type":"Organization","name":"SPD im K\u00f6lner Norden","logo":{"@type":"ImageObject","@id":"https:\/\/www.spdkoelnnord.de\/wp-content\/uploads\/2019\/10\/cropped-logo_ko\u0308lnspd.jpg","url":"https:\/\/www.spdkoelnnord.de\/wp-content\/uploads\/2019\/10\/cropped-logo_ko\u0308lnspd.jpg","width":null,"height":null}},"image":{"@type":"ImageObject","@id":"https:\/\/www.spdkoelnnord.de\/wp-content\/uploads\/2024\/02\/logo_koelnspd.png","url":"https:\/\/www.spdkoelnnord.de\/wp-content\/uploads\/2024\/02\/logo_koelnspd.png","width":945,"height":945},"wordCount":412,"keywords":["chorweiler","endlich","leihrader","volkhoven","weiler"]},{"@type":"BlogPosting","@id":"https:\/\/www.spdkoelnnord.de\/so-will-die-spd-fraktion-familien-staerken\/","headline":"So will die SPD-Fraktion Familien st\u00e4rken","url":"https:\/\/www.spdkoelnnord.de\/so-will-die-spd-fraktion-familien-staerken\/","datePublished":"2023-01-13","dateModified":"2023-01-13","mainEntityOfPage":"https:\/\/www.spdkoelnnord.de\/so-will-die-spd-fraktion-familien-staerken\/","author":{"@type":"Person","@id":"https:\/\/www.spdkoelnnord.de\/author\/spdbundestagsfraktion\/#Person","name":"Bundestagsfraktion","url":"https:\/\/www.spdkoelnnord.de\/author\/spdbundestagsfraktion\/","identifier":325,"image":{"@type":"ImageObject","@id":"https:\/\/www.spdkoelnnord.de\/wp-content\/plugins\/wp-user-avatar\/deprecated\/wp-user-avatar\/images\/wpua-96x96.png","url":"https:\/\/www.spdkoelnnord.de\/wp-content\/plugins\/wp-user-avatar\/deprecated\/wp-user-avatar\/images\/wpua-96x96.png","height":96,"width":96}},"publisher":{"@type":"Organization","name":"SPD im K\u00f6lner Norden","logo":{"@type":"ImageObject","@id":"https:\/\/www.spdkoelnnord.de\/wp-content\/uploads\/2019\/10\/cropped-logo_ko\u0308lnspd.jpg","url":"https:\/\/www.spdkoelnnord.de\/wp-content\/uploads\/2019\/10\/cropped-logo_ko\u0308lnspd.jpg","width":null,"height":null}},"image":{"@type":"ImageObject","@id":"https:\/\/www.spdkoelnnord.de\/wp-content\/uploads\/2025\/02\/spd-verschwommen.jpg","url":"https:\/\/www.spdkoelnnord.de\/wp-content\/uploads\/2025\/02\/spd-verschwommen.jpg","height":675,"width":1200},"wordCount":40,"keywords":["familien","fraktion","Fraktion (Bundestag)","kindergrundsicherung","Sozialdemokratische Partei Deutschlands","starken"]},{"@type":"BlogPosting","@id":"https:\/\/www.spdkoelnnord.de\/mehr-tempo-bei-der-infrastruktur\/","headline":"Mehr Tempo bei der Infrastruktur","url":"https:\/\/www.spdkoelnnord.de\/mehr-tempo-bei-der-infrastruktur\/","datePublished":"2023-01-12","dateModified":"2023-01-12","mainEntityOfPage":"https:\/\/www.spdkoelnnord.de\/mehr-tempo-bei-der-infrastruktur\/","author":{"@type":"Person","@id":"https:\/\/www.spdkoelnnord.de\/author\/spdbundestagsfraktion\/#Person","name":"Bundestagsfraktion","url":"https:\/\/www.spdkoelnnord.de\/author\/spdbundestagsfraktion\/","identifier":325,"image":{"@type":"ImageObject","@id":"https:\/\/www.spdkoelnnord.de\/wp-content\/plugins\/wp-user-avatar\/deprecated\/wp-user-avatar\/images\/wpua-96x96.png","url":"https:\/\/www.spdkoelnnord.de\/wp-content\/plugins\/wp-user-avatar\/deprecated\/wp-user-avatar\/images\/wpua-96x96.png","height":96,"width":96}},"publisher":{"@type":"Organization","name":"SPD im K\u00f6lner Norden","logo":{"@type":"ImageObject","@id":"https:\/\/www.spdkoelnnord.de\/wp-content\/uploads\/2019\/10\/cropped-logo_ko\u0308lnspd.jpg","url":"https:\/\/www.spdkoelnnord.de\/wp-content\/uploads\/2019\/10\/cropped-logo_ko\u0308lnspd.jpg","width":null,"height":null}},"image":{"@type":"ImageObject","@id":"https:\/\/www.spdkoelnnord.de\/wp-content\/uploads\/2025\/02\/spd-verschwommen.jpg","url":"https:\/\/www.spdkoelnnord.de\/wp-content\/uploads\/2025\/02\/spd-verschwommen.jpg","height":675,"width":1200},"wordCount":39,"keywords":["infrastruktur","tempo"]}]},{"@context":"https:\/\/schema.org","@type":"WebSite","@id":"https:\/\/www.spdkoelnnord.de\/#website","name":"Die SPD im K\u00f6lner Norden","url":"https:\/\/www.spdkoelnnord.de","potentialAction":{"@type":"SearchAction","target":"https:\/\/www.spdkoelnnord.de\/?s={search_term_string}","query-input":"required name=search_term_string"}}]